{"id":65998,"date":"2025-07-01T00:11:18","date_gmt":"2025-07-01T06:11:18","guid":{"rendered":"https:\/\/politicosaldesnudo.com.mx\/?p=65998"},"modified":"2025-06-30T20:23:35","modified_gmt":"2025-07-01T02:23:35","slug":"encabezara-sheinbaum-ceremonia-de-bienvenida-del-primer-embraer-adquirido-por-mexicana","status":"publish","type":"post","link":"https:\/\/politicosaldesnudo.com.mx\/index.php\/2025\/07\/01\/encabezara-sheinbaum-ceremonia-de-bienvenida-del-primer-embraer-adquirido-por-mexicana\/","title":{"rendered":"Encabezar\u00e1 Sheinbaum ceremonia de bienvenida del primer Embraer adquirido por Mexicana"},"content":{"rendered":"<p class=\"nota-justify\">La presidenta Claudia Sheinbaum Pardo encabezar\u00e1 este 1 de julio la ceremonia de bienvenida al primero de los 20 aviones Embraer adquiridos por Mexicana de Aviaci\u00f3n, la aerol\u00ednea estatal operada por la Secretar\u00eda de la Defensa Nacional (Defensa).<\/p>\n<p class=\"nota-justify\">La aeronave de \u00faltima generaci\u00f3n, un Embraer E-195E2 con capacidad para 132 pasajeros, un alcance de 4 mil 615 kil\u00f3metros y una velocidad crucero de 963 kil\u00f3metros por hora, arribar\u00e1 al Aeropuerto Internacional Felipe \u00c1ngeles (AIFA).<\/p>\n<p class=\"nota-justify\">En mayo del a\u00f1o pasado, bajo el gobierno de Andr\u00e9s Manuel L\u00f3pez Obrador, Mexicana firm\u00f3 con Embraer la compra de 10 aviones E190-E2, con 108 asientos, y 10 E195-E2, con 132 asientos, ambos con dise\u00f1o de clase \u00fanica, por un monto aproximado de 750 millones de d\u00f3lares.<\/p>\n<p class=\"nota-justify\">Se acord\u00f3 que las entregas de las aeronaves iniciar\u00e1n en el segundo trimestre de 2024 y concluir\u00e1n en 2027.<\/p>\n<p class=\"nota-justify\">Seg\u00fan la empresa estatal, ser\u00e1 la primera en operar aeronaves Embraer E2 en M\u00e9xico. Estas unidades incorporan tecnolog\u00eda de \u00faltima generaci\u00f3n que permite un menor consumo de combustible y costos de mantenimiento m\u00e1s bajos.<\/p>\n<p class=\"nota-justify\">\u201cCon esta decisi\u00f3n estrat\u00e9gica, la Aerol\u00ednea del Estado Mexicano incrementar\u00e1 y modernizar\u00e1 su flota para fortalecer la conectividad de m\u00e1s ciudades con diversos destinos nacionales e internacionales, ofreciendo tarifas accesibles y servicios de transporte a\u00e9reo con altos est\u00e1ndares de seguridad, confianza y calidad para sus usuarios\u201d, inform\u00f3 Mexicana en junio del a\u00f1o pasado.<\/p>\n<p class=\"nota-justify\">El mismo mes, la aerol\u00ednea estatal tambi\u00e9n anunci\u00f3 sus planes de expandir sus operaciones en los pr\u00f3ximos tres a\u00f1os a 11 destinos internacionales, entre ellos Chicago, Nueva York, Miami, Los \u00c1ngeles, La Habana y Bogot\u00e1.<\/p>\n","protected":false},"excerpt":{"rendered":"<p>La presidenta Claudia Sheinbaum Pardo encabezar\u00e1 este 1 de julio la ceremonia de bienvenida al primero de los 20 aviones<\/p>\n","protected":false},"author":4,"featured_media":65999,"comment_status":"closed","ping_status":"closed","sticky":false,"template":"","format":"standard","meta":{"colormag_page_container_layout":"default_layout","colormag_page_sidebar_layout":"default_layout","_jetpack_memberships_contains_paid_content":false,"footnotes":"","jetpack_publicize_message":"","jetpack_publicize_feature_enabled":true,"jetpack_social_post_already_shared":true,"jetpack_social_options":{"image_generator_settings":{"template":"highway","default_image_id":0,"font":"","enabled":false},"version":2}},"categories":[2050],"tags":[],"class_list":["post-65998","post","type-post","status-publish","format-standard","has-post-thumbnail","hentry","category-economia"],"jetpack_publicize_connections":[],"jetpack_featured_media_url":"https:\/\/i0.wp.com\/politicosaldesnudo.com.mx\/wp-content\/uploads\/2025\/06\/EMB.jpg?fit=781%2C520&ssl=1","jetpack-related-posts":[],"jetpack_sharing_enabled":true,"_links":{"self":[{"href":"https:\/\/politicosaldesnudo.com.mx\/index.php\/wp-json\/wp\/v2\/posts\/65998","targetHints":{"allow":["GET"]}}],"collection":[{"href":"https:\/\/politicosaldesnudo.com.mx\/index.php\/wp-json\/wp\/v2\/posts"}],"about":[{"href":"https:\/\/politicosaldesnudo.com.mx\/index.php\/wp-json\/wp\/v2\/types\/post"}],"author":[{"embeddable":true,"href":"https:\/\/politicosaldesnudo.com.mx\/index.php\/wp-json\/wp\/v2\/users\/4"}],"replies":[{"embeddable":true,"href":"https:\/\/politicosaldesnudo.com.mx\/index.php\/wp-json\/wp\/v2\/comments?post=65998"}],"version-history":[{"count":0,"href":"https:\/\/politicosaldesnudo.com.mx\/index.php\/wp-json\/wp\/v2\/posts\/65998\/revisions"}],"wp:featuredmedia":[{"embeddable":true,"href":"https:\/\/politicosaldesnudo.com.mx\/index.php\/wp-json\/wp\/v2\/media\/65999"}],"wp:attachment":[{"href":"https:\/\/politicosaldesnudo.com.mx\/index.php\/wp-json\/wp\/v2\/media?parent=65998"}],"wp:term":[{"taxonomy":"category","embeddable":true,"href":"https:\/\/politicosaldesnudo.com.mx\/index.php\/wp-json\/wp\/v2\/categories?post=65998"},{"taxonomy":"post_tag","embeddable":true,"href":"https:\/\/politicosaldesnudo.com.mx\/index.php\/wp-json\/wp\/v2\/tags?post=65998"}],"curies":[{"name":"wp","href":"https:\/\/api.w.org\/{rel}","templated":true}]}}