{"id":66004,"date":"2025-07-01T00:13:09","date_gmt":"2025-07-01T06:13:09","guid":{"rendered":"https:\/\/politicosaldesnudo.com.mx\/?p=66004"},"modified":"2025-06-30T20:36:29","modified_gmt":"2025-07-01T02:36:29","slug":"por-sequia-autoridades-de-nuevo-laredo-valoran-suministrar-agua-en-tandeos","status":"publish","type":"post","link":"https:\/\/politicosaldesnudo.com.mx\/index.php\/2025\/07\/01\/por-sequia-autoridades-de-nuevo-laredo-valoran-suministrar-agua-en-tandeos\/","title":{"rendered":"Por sequ\u00eda, autoridades de Nuevo Laredo valoran suministrar agua en tandeos"},"content":{"rendered":"<p class=\"nota-justify\">La creciente demanda de agua en Nuevo Laredo, sumada al bajo nivel del r\u00edo Bravo, podr\u00eda obligar a implementar tandeos para racionar el suministro, advirti\u00f3 Silvia Fern\u00e1ndez Gallardo Boone, gerente general de la Comisi\u00f3n Municipal de Agua Potable y Alcantarillado (COMAPA).<\/p>\n<p class=\"nota-justify\">La funcionaria explic\u00f3 que la bocatoma del sistema de captaci\u00f3n est\u00e1 situada en un nivel bajo del r\u00edo, lo que ocasiona que, cuando disminuye el caudal, ingrese aire al sistema y se complique absorber toda el agua necesaria para abastecer a la ciudad. \u201cNo afecta nuestro proceso de potabilizaci\u00f3n, pero debemos ser mucho m\u00e1s cuidadosos porque con niveles bajos hay mayor turbidez\u201d, se\u00f1al\u00f3.<\/p>\n<p class=\"nota-justify\">Actualmente, el municipio se encuentra en sem\u00e1foro rojo en cuanto a disponibilidad h\u00eddrica, lo que ha incrementado la preocupaci\u00f3n de las autoridades. Aunque todav\u00eda no se ha decretado el tandeo, Fern\u00e1ndez Boone advirti\u00f3 que podr\u00eda ser inevitable si contin\u00faan las condiciones de escasez y la ciudadan\u00eda no reduce su consumo.<\/p>\n<p class=\"nota-justify\">La gerente de COMAPA recalc\u00f3 que las lluvias recientes en la localidad no han sido suficientes, pues para elevar el nivel del r\u00edo es indispensable que las precipitaciones se presenten aguas arriba, permitiendo que el escurrimiento incremente el caudal hacia Nuevo Laredo.<\/p>\n<p class=\"nota-justify\">Otro de los problemas que complica la situaci\u00f3n es el desperdicio de agua. \u201cHemos tenido much\u00edsimas denuncias de familias que riegan banquetas durante todo el d\u00eda. Eso no ayuda y solo incrementa la humedad ambiental sin aportar nada al clima ni al suministro\u201d, dijo, invitando a los ciudadanos a reportar irregularidades al n\u00famero 072.<\/p>\n<p class=\"nota-justify\">Finalmente, Silvia Fern\u00e1ndez Boone indic\u00f3 que cualquier decisi\u00f3n sobre el tandeo depender\u00e1 de la Secretar\u00eda de Recursos Hidr\u00e1ulicos, la Comisi\u00f3n Nacional del Agua (CONAGUA) y de la alcaldesa, pero insisti\u00f3 en la necesidad de crear conciencia para evitar llegar a medidas extremas que afectar\u00edan a toda la poblaci\u00f3n.<\/p>\n","protected":false},"excerpt":{"rendered":"<p>La creciente demanda de agua en Nuevo Laredo, sumada al bajo nivel del r\u00edo Bravo, podr\u00eda obligar a implementar tandeos<\/p>\n","protected":false},"author":4,"featured_media":66005,"comment_status":"closed","ping_status":"closed","sticky":false,"template":"","format":"standard","meta":{"colormag_page_container_layout":"default_layout","colormag_page_sidebar_layout":"default_layout","_jetpack_memberships_contains_paid_content":false,"footnotes":"","jetpack_publicize_message":"","jetpack_publicize_feature_enabled":true,"jetpack_social_post_already_shared":true,"jetpack_social_options":{"image_generator_settings":{"template":"highway","default_image_id":0,"font":"","enabled":false},"version":2}},"categories":[30],"tags":[],"class_list":["post-66004","post","type-post","status-publish","format-standard","has-post-thumbnail","hentry","category-estados"],"jetpack_publicize_connections":[],"jetpack_featured_media_url":"https:\/\/i0.wp.com\/politicosaldesnudo.com.mx\/wp-content\/uploads\/2025\/06\/ACUI.jpg?fit=764%2C518&ssl=1","jetpack-related-posts":[],"jetpack_sharing_enabled":true,"_links":{"self":[{"href":"https:\/\/politicosaldesnudo.com.mx\/index.php\/wp-json\/wp\/v2\/posts\/66004","targetHints":{"allow":["GET"]}}],"collection":[{"href":"https:\/\/politicosaldesnudo.com.mx\/index.php\/wp-json\/wp\/v2\/posts"}],"about":[{"href":"https:\/\/politicosaldesnudo.com.mx\/index.php\/wp-json\/wp\/v2\/types\/post"}],"author":[{"embeddable":true,"href":"https:\/\/politicosaldesnudo.com.mx\/index.php\/wp-json\/wp\/v2\/users\/4"}],"replies":[{"embeddable":true,"href":"https:\/\/politicosaldesnudo.com.mx\/index.php\/wp-json\/wp\/v2\/comments?post=66004"}],"version-history":[{"count":0,"href":"https:\/\/politicosaldesnudo.com.mx\/index.php\/wp-json\/wp\/v2\/posts\/66004\/revisions"}],"wp:featuredmedia":[{"embeddable":true,"href":"https:\/\/politicosaldesnudo.com.mx\/index.php\/wp-json\/wp\/v2\/media\/66005"}],"wp:attachment":[{"href":"https:\/\/politicosaldesnudo.com.mx\/index.php\/wp-json\/wp\/v2\/media?parent=66004"}],"wp:term":[{"taxonomy":"category","embeddable":true,"href":"https:\/\/politicosaldesnudo.com.mx\/index.php\/wp-json\/wp\/v2\/categories?post=66004"},{"taxonomy":"post_tag","embeddable":true,"href":"https:\/\/politicosaldesnudo.com.mx\/index.php\/wp-json\/wp\/v2\/tags?post=66004"}],"curies":[{"name":"wp","href":"https:\/\/api.w.org\/{rel}","templated":true}]}}