{"id":66007,"date":"2025-07-01T00:14:43","date_gmt":"2025-07-01T06:14:43","guid":{"rendered":"https:\/\/politicosaldesnudo.com.mx\/?p=66007"},"modified":"2025-06-30T20:43:27","modified_gmt":"2025-07-01T02:43:27","slug":"exrectores-de-universidad-veracruzana-inconformes-con-prorroga-al-actual-rector","status":"publish","type":"post","link":"https:\/\/politicosaldesnudo.com.mx\/index.php\/2025\/07\/01\/exrectores-de-universidad-veracruzana-inconformes-con-prorroga-al-actual-rector\/","title":{"rendered":"Exrectores de Universidad Veracruzana, inconformes con pr\u00f3rroga al actual rector"},"content":{"rendered":"<p class=\"nota-justify\">Los exrectores de la Universidad Veracruzana (UV), Sara Ladr\u00f3n de Guevara, Ra\u00fal Arias Lovillo y V\u00edctor Arredondo \u00c1lvarez, hicieron un llamado p\u00fablico para desconocer la pr\u00f3rroga otorgada al actual rector Mart\u00edn Aguilar S\u00e1nchez.<\/p>\n<p class=\"nota-justify\">Se\u00f1alaron que el Consejo Universitario General no puede permitir los atropellos e irregularidades que la Junta de Gobierno perpetr\u00f3 para lograr que Aguilar S\u00e1nchez permanezca 4 a\u00f1os m\u00e1s en su puesto sin haber pasado por ning\u00fan proceso abierto.<\/p>\n<p class=\"nota-justify\">En ese sentido, los tres ex rectores se dijeron sumamente preocupados por la situaci\u00f3n que atraviesa actualmente la m\u00e1xima casa de estudios de Veracruz, pues lo ocurrido es una grave transgresi\u00f3n a la normatividad de la UV.<\/p>\n<p class=\"nota-justify\">\u201cLa decisi\u00f3n de la Junta de Gobierno de otorgar una pr\u00f3rroga de cuatro a\u00f1os al actual rector se hizo al margen de la legislaci\u00f3n, (\u2026) un desmesurado intento de secuestro de la M\u00e1xima Casa de Estudios de Veracruz\u201d, indicaron.<\/p>\n<p class=\"nota-justify\">Se\u00f1alaron que el\u00a0\u00a0Consejo Universitario General es el m\u00e1ximo \u00f3rgano colegiado de la universidad, y por ello deben oponerse a que Aguilar S\u00e1nchez contin\u00fae en su cargo y a las violaciones de legalidad que se hicieron durante el proceso.<\/p>\n<p class=\"nota-justify\">Aseguraron que la oposici\u00f3n del Consejo, en caso de darse, ser\u00e1 acompa\u00f1ada por la comunidad universitaria en general, la cual ha expresado fuertemente su inconformidad ante lo ocurrido.<\/p>\n<p class=\"nota-justify\">\u201cUrge que los consejeros universitarios desconozcan la decisi\u00f3n ilegal de la Junta de Gobierno de otorgar una pr\u00f3rroga que cierra la puerta a la legalidad y al leg\u00edtimo derecho de los universitarios de contrastar alternativas para la conducci\u00f3n de la Universidad\u201d, se\u00f1alaron.<\/p>\n<p class=\"nota-justify\">Cabe recordar que la pr\u00f3rroga otorgada a\u00a0\u00a0Aguilar S\u00e1nchez por la Junta de Gobierno permiti\u00f3 que el rector esquivara el impedimento que ten\u00eda para ser reelecto en una convocatoria abierta, pues la legislaci\u00f3n de la UV estipula un m\u00e1ximo de edad la cual el actual rector no cumpl\u00eda para participar en el proceso.<\/p>\n","protected":false},"excerpt":{"rendered":"<p>Los exrectores de la Universidad Veracruzana (UV), Sara Ladr\u00f3n de Guevara, Ra\u00fal Arias Lovillo y V\u00edctor Arredondo \u00c1lvarez, hicieron un<\/p>\n","protected":false},"author":4,"featured_media":66008,"comment_status":"closed","ping_status":"closed","sticky":false,"template":"","format":"standard","meta":{"colormag_page_container_layout":"default_layout","colormag_page_sidebar_layout":"default_layout","_jetpack_memberships_contains_paid_content":false,"footnotes":"","jetpack_publicize_message":"","jetpack_publicize_feature_enabled":true,"jetpack_social_post_already_shared":true,"jetpack_social_options":{"image_generator_settings":{"template":"highway","default_image_id":0,"font":"","enabled":false},"version":2}},"categories":[30],"tags":[],"class_list":["post-66007","post","type-post","status-publish","format-standard","has-post-thumbnail","hentry","category-estados"],"jetpack_publicize_connections":[],"jetpack_featured_media_url":"https:\/\/i0.wp.com\/politicosaldesnudo.com.mx\/wp-content\/uploads\/2025\/06\/uv_convocatoria_2025.jpg?fit=1200%2C675&ssl=1","jetpack-related-posts":[],"jetpack_sharing_enabled":true,"_links":{"self":[{"href":"https:\/\/politicosaldesnudo.com.mx\/index.php\/wp-json\/wp\/v2\/posts\/66007","targetHints":{"allow":["GET"]}}],"collection":[{"href":"https:\/\/politicosaldesnudo.com.mx\/index.php\/wp-json\/wp\/v2\/posts"}],"about":[{"href":"https:\/\/politicosaldesnudo.com.mx\/index.php\/wp-json\/wp\/v2\/types\/post"}],"author":[{"embeddable":true,"href":"https:\/\/politicosaldesnudo.com.mx\/index.php\/wp-json\/wp\/v2\/users\/4"}],"replies":[{"embeddable":true,"href":"https:\/\/politicosaldesnudo.com.mx\/index.php\/wp-json\/wp\/v2\/comments?post=66007"}],"version-history":[{"count":0,"href":"https:\/\/politicosaldesnudo.com.mx\/index.php\/wp-json\/wp\/v2\/posts\/66007\/revisions"}],"wp:featuredmedia":[{"embeddable":true,"href":"https:\/\/politicosaldesnudo.com.mx\/index.php\/wp-json\/wp\/v2\/media\/66008"}],"wp:attachment":[{"href":"https:\/\/politicosaldesnudo.com.mx\/index.php\/wp-json\/wp\/v2\/media?parent=66007"}],"wp:term":[{"taxonomy":"category","embeddable":true,"href":"https:\/\/politicosaldesnudo.com.mx\/index.php\/wp-json\/wp\/v2\/categories?post=66007"},{"taxonomy":"post_tag","embeddable":true,"href":"https:\/\/politicosaldesnudo.com.mx\/index.php\/wp-json\/wp\/v2\/tags?post=66007"}],"curies":[{"name":"wp","href":"https:\/\/api.w.org\/{rel}","templated":true}]}}