{"id":66010,"date":"2025-07-01T00:15:44","date_gmt":"2025-07-01T06:15:44","guid":{"rendered":"https:\/\/politicosaldesnudo.com.mx\/?p=66010"},"modified":"2025-06-30T20:54:19","modified_gmt":"2025-07-01T02:54:19","slug":"acuerdan-ocupacion-temporal-de-equinox-gold-en-tierras-comunales-de-guerrero","status":"publish","type":"post","link":"https:\/\/politicosaldesnudo.com.mx\/index.php\/2025\/07\/01\/acuerdan-ocupacion-temporal-de-equinox-gold-en-tierras-comunales-de-guerrero\/","title":{"rendered":"Acuerdan ocupaci\u00f3n temporal de Equinox Gold en tierras comunales de Guerrero"},"content":{"rendered":"<p class=\"nota-justify\">Pese a que persiste el conflicto entre la empresa minera canadiense Equinox Gold, y los ejidatarios de Carrizalillo, municipio de Eduardo Neri, ubicado en la zona centro de Guerrero, esta ma\u00f1ana con la mediaci\u00f3n del gobierno estatal, se firm\u00f3 un convenio de ocupaci\u00f3n temporal de tierras comunales en los poblados de Mezcala y Xochipala, municipio de Eduardo Neri, sin que se especificara el monto econ\u00f3mico para los ejidatarios, seg\u00fan se dijo por cuestiones de seguridad; aunque se dijo que en ambas comunidades se pagar\u00e1 la tarifa m\u00e1s alta por hect\u00e1rea que una empresa minera paga en M\u00e9xico.<\/p>\n<p class=\"nota-justify\">Reunidos en el palacio de gobierno, ejidatarios, y funcionarios del gobierno, se dijo que habr\u00e1 un \u201cnuevo ciclo minero en Guerrero\u201d.<\/p>\n<p class=\"nota-justify\">Como se recordar\u00e1 la empresa Equinox Gold, opera desde el a\u00f1o 2007, la mina Los Filos\/El Bermejal, sin embargo, en los \u00faltimos meses surgi\u00f3 un conflicto, entre la minera canadiense, con la Mesa de Carrizalillo, que aglutina a los ejidatarios.<\/p>\n<p class=\"nota-justify\">En el evento, se inform\u00f3 que la minera canadiense, comenz\u00f3 un proceso de \u201cremediaci\u00f3n en una parte de las instalaciones, lo que marca la suspensi\u00f3n indefinida de la actividad minera en esa poblaci\u00f3n, ante la falta de acuerdos con los ejidatarios\u201d.<\/p>\n<p class=\"nota-justify\">Esta ma\u00f1ana, durante la firma del convenio de ocupaci\u00f3n de tierras entre Equinox Gold y los bienes comunales de Mezcala y Xochipala , en el \u00a0Palacio de Gobierno, participaron como testigos de calidad, el sub secretario \u00a0de Asuntos Pol\u00edticos, del gobierno estatal, Francisco Rodr\u00edguez Cisneros; la alcaldesa de Eduardo Neri, Sara Salas Bravo; la titular de la Secretar\u00eda de Fomento y Desarrollo Econ\u00f3mico (SEFODECO) Teodora Ram\u00edrez Vega y la diputada local, Citlali T\u00e9llez; en tanto que \u00a0la empresa minera estuvo presentada por el Vicepresidente Senior M\u00e9xico de Equinox Gold, Armando Ortega.<\/p>\n<p class=\"nota-justify\">\u00a0Al respecto, Armando Ortega, se\u00f1al\u00f3 que el convenio tendr\u00e1 una vigencia por 20 a\u00f1os, eso \u201cda pauta para un nuevo ciclo minero en la entidad\u201d,. No revel\u00f3 el monto del \u00a0pago a los comuneros de Mezcala y Xochipala; en cambio, el representante de Equinox Gold, asegur\u00f3 que el convenio \u201ces una contraprestaci\u00f3n y se contemplan apoyos sociales en los rubros de salud, educaci\u00f3n, infraestructura y apoyo a proyectos productivos\u201d.<\/p>\n<p class=\"nota-justify\">Tambi\u00e9n el convenio entre Equinox Gold, y las dos comunidades, Mezcala y Xochipala, contempla la construcci\u00f3n de una planta de molienda en tierras comunales para la producci\u00f3n de mayor capacidad en minerales.<\/p>\n<p class=\"nota-justify\">Tambi\u00e9n asistieron a la firma del convenio, el presidente de los bienes comunales de Xochipala, El\u00ed Sobrevilla Adame; y Joel Ramos comisariado de bienes comunales de Mezcala, que manifestaron que la minera Equinox Gold, ser\u00e1 un proyecto para el desarrollo de sus comunidades, en donde viven m\u00e1s de 22 mil habitantes<\/p>\n<p class=\"nota-justify\">En su intervenci\u00f3n, el sub secretario, Francisco Rodr\u00edguez Cisneros, dijo que la firma del convenio entre la minera canadiense, y las \u00a0comunidades de\u00a0 Xochipala y Carrizalillo, \u00a0\u201cderivan de un trabajo de dialogo, pese a los momentos de tensi\u00f3n; los acuerdos, y montos econ\u00f3micos entre la empresa y las dos comunidades ni el gobierno del estado los conoce por un asunto de seguridad\u201d.<\/p>\n<p class=\"nota-justify\">Agradeci\u00f3 \u201cla paciencia de la empresa al recordar que se ve\u00edan escenarios complejos, pero ahora, urgi\u00f3 para que exista una relaci\u00f3n de convivencia entre la empresa minera y las dos comunidades y permanezca la gratitud\u201d.<\/p>\n<p class=\"nota-justify\">La empresa minera mantiene un conflicto con ejidatarios de Carrizalillo, zona donde desde el a\u00f1o 2007 comenz\u00f3 la exploraci\u00f3n, y posterior explotaci\u00f3n de tierra para la extracci\u00f3n de oro; al grado de que los pobladores de Carrizalillo, mantienen un plant\u00f3n afuera de las instalaciones de la mina, en demanda de una mesa de dialogo con la empresa para continuar trabajando o, el cierre definitivo e indemnizaci\u00f3n de las tierras.<\/p>\n<p class=\"nota-justify\">Al respecto, el Vicepresidente Senior M\u00e9xico de Equinox Gold, Armando Ortega reconoci\u00f3 que no hay acuerdo con Carrizalillo, pero que, la minera ya comenz\u00f3 con el proceso remediaci\u00f3n de tierras en una parte de las instalaciones \u201cEquinox Gold, permanece abierta al dialogo con los ejidatarios de Carrizalillo, y les pidi\u00f3 que permitan entrar a la mina para comenzar a remediar de manera formal las tierras.<\/p>\n<p class=\"nota-justify\">Asegur\u00f3 que desde el mes de abril, cuando concluyeron las operaciones, solamente \u00a0han realizado el lavado de minerales.<\/p>\n","protected":false},"excerpt":{"rendered":"<p>Pese a que persiste el conflicto entre la empresa minera canadiense Equinox Gold, y los ejidatarios de Carrizalillo, municipio de<\/p>\n","protected":false},"author":4,"featured_media":66011,"comment_status":"closed","ping_status":"closed","sticky":false,"template":"","format":"standard","meta":{"colormag_page_container_layout":"default_layout","colormag_page_sidebar_layout":"default_layout","_jetpack_memberships_contains_paid_content":false,"footnotes":"","jetpack_publicize_message":"","jetpack_publicize_feature_enabled":true,"jetpack_social_post_already_shared":true,"jetpack_social_options":{"image_generator_settings":{"template":"highway","default_image_id":0,"font":"","enabled":false},"version":2}},"categories":[30],"tags":[],"class_list":["post-66010","post","type-post","status-publish","format-standard","has-post-thumbnail","hentry","category-estados"],"jetpack_publicize_connections":[],"jetpack_featured_media_url":"https:\/\/i0.wp.com\/politicosaldesnudo.com.mx\/wp-content\/uploads\/2025\/06\/MIN-1.jpg?fit=1909%2C887&ssl=1","jetpack-related-posts":[],"jetpack_sharing_enabled":true,"_links":{"self":[{"href":"https:\/\/politicosaldesnudo.com.mx\/index.php\/wp-json\/wp\/v2\/posts\/66010","targetHints":{"allow":["GET"]}}],"collection":[{"href":"https:\/\/politicosaldesnudo.com.mx\/index.php\/wp-json\/wp\/v2\/posts"}],"about":[{"href":"https:\/\/politicosaldesnudo.com.mx\/index.php\/wp-json\/wp\/v2\/types\/post"}],"author":[{"embeddable":true,"href":"https:\/\/politicosaldesnudo.com.mx\/index.php\/wp-json\/wp\/v2\/users\/4"}],"replies":[{"embeddable":true,"href":"https:\/\/politicosaldesnudo.com.mx\/index.php\/wp-json\/wp\/v2\/comments?post=66010"}],"version-history":[{"count":0,"href":"https:\/\/politicosaldesnudo.com.mx\/index.php\/wp-json\/wp\/v2\/posts\/66010\/revisions"}],"wp:featuredmedia":[{"embeddable":true,"href":"https:\/\/politicosaldesnudo.com.mx\/index.php\/wp-json\/wp\/v2\/media\/66011"}],"wp:attachment":[{"href":"https:\/\/politicosaldesnudo.com.mx\/index.php\/wp-json\/wp\/v2\/media?parent=66010"}],"wp:term":[{"taxonomy":"category","embeddable":true,"href":"https:\/\/politicosaldesnudo.com.mx\/index.php\/wp-json\/wp\/v2\/categories?post=66010"},{"taxonomy":"post_tag","embeddable":true,"href":"https:\/\/politicosaldesnudo.com.mx\/index.php\/wp-json\/wp\/v2\/tags?post=66010"}],"curies":[{"name":"wp","href":"https:\/\/api.w.org\/{rel}","templated":true}]}}