{"id":66013,"date":"2025-07-01T00:16:57","date_gmt":"2025-07-01T06:16:57","guid":{"rendered":"https:\/\/politicosaldesnudo.com.mx\/?p=66013"},"modified":"2025-06-30T20:56:16","modified_gmt":"2025-07-01T02:56:16","slug":"mexico-ha-puesto-dispositivo-criminal-contra-la-migracion-de-centroamerica-denuncia-el-ezln","status":"publish","type":"post","link":"https:\/\/politicosaldesnudo.com.mx\/index.php\/2025\/07\/01\/mexico-ha-puesto-dispositivo-criminal-contra-la-migracion-de-centroamerica-denuncia-el-ezln\/","title":{"rendered":"M\u00e9xico ha puesto \u00abdispositivo criminal contra la migraci\u00f3n\u00bb de Centroam\u00e9rica, denuncia el EZLN"},"content":{"rendered":"<p class=\"nota-justify\">Mientras en Estados Unidos el gobierno del presidente Donald Trump detiene a migrantes \u201cpor el color de la piel y las identidades culturales\u201d, \u201cM\u00e9xico ha puesto un dispositivo criminal contra la migraci\u00f3n que proviene de Centroam\u00e9rica\u201d y de otros pa\u00edses, afirm\u00f3 el Capit\u00e1n Marcos, del Ej\u00e9rcito Zapatista de Liberaci\u00f3n Nacional (EZLN).<\/p>\n<p class=\"nota-justify\">\u201cEl Instituto Nacional de Migraci\u00f3n es una r\u00e9plica, en ilegalidad, brutalidad, arbitrariedad y violencia, de la\u00a0<i>Border<\/i>\u00a0<i>Patrol<\/i>\u00a0y el ICE de Estados Unidos, y el racismo en la sociedad no se queda atr\u00e1s.\u00a0Claro, con sus diferencias.\u00a0 En USA los golpean, los encarcelan y los deportan.\u00a0 En M\u00e9xico los venden a los c\u00e1rteles postores, los extorsionan, encierran, desaparecen, asesinan\u2026 y los queman vivos\u201d, agreg\u00f3.<\/p>\n<p class=\"nota-justify\">En un comunicado agreg\u00f3 que \u201cel color de la piel y las identidades culturales son, para los de arriba y sus sicarios, un recurso para identificar al enemigo a liquidar. El ej\u00e9rcito mexicano (hoy tan adorado por el progresismo que ayer clamaba contra \u00e9l), cuando invadi\u00f3 territorio zapatista en 1995 -producto de la traici\u00f3n de Ernesto Zedillo Ponce de Le\u00f3n en febrero de ese a\u00f1o-, atacaba a las comunidades para robar (como ahora lo hace la llamada Fuerza de Reacci\u00f3n Inmediata Pakal del gobierno estatal de Chiapas) las pocas pertenencias de los originarios.\u00a0 Al invadir gritaban: \u2018\u00a1Pinches indios pozoleros!\u2019\u201d.<\/p>\n<p class=\"nota-justify\">Manifest\u00f3 que \u201cpara el se\u00f1or Trump es evidente que los \u2018frijoleros\u2019 no s\u00f3lo hablan muy otro el ingl\u00e9s, tambi\u00e9n han creado su propia lengua. En enero de 1994, cuando decenas de miles de federales arribaron a Chiapas para \u2018acabar con los transgresores de la ley\u2019, un oficial que se desert\u00f3 cuando se dio cuenta de a qui\u00e9n persegu\u00edan, nos cont\u00f3 que preguntaban a los altos mandos c\u00f3mo identificaban a \u2018los zapatistas\u2019.\u00a0 Los generales respond\u00edan: \u2018son bajitos, piel oscura, hablan mal o no hablan espa\u00f1ol, y sus ropas son muy de museo y tienda de artesan\u00edas\u2019.\u00a0 La tropa se miraba entre s\u00ed.\u00a0 Eran millones quienes respond\u00edan a esa descripci\u00f3n\u201d.<\/p>\n<p class=\"nota-justify\">Marcos dijo que \u201ctraigo este recuerdo porque \u00e9se es el criterio \u2018criminal\u2019 que usa el ICE gringo para detener, golpear, encarcelar y deportar a migrantes. \u00bfImporta que el detenido tenga papeles?\u00a0 No, lo que importa es el color de su piel, su\u00a0<i>slang<\/i>, argot, jerga (ac\u00e1 decimos \u2018el modo\u2019), su bigote, su ropa holgada, y que, frente a una hamburguesa y unos tacos, elige\u2026 los tacos (\u2018con cilantro, cebolla, tomate y harta salsa por favor\u2019).\u00a0 Si adem\u00e1s es parte del movimiento LGBTIQ+, bueno, pues es un criminal con todas las agravantes\u201d.<\/p>\n<p class=\"nota-justify\">Agreg\u00f3: \u201cEmpezamos con colores de piel, de ah\u00ed a cultura, lengua, estatura, comida, ropa, identidad sexual y afectiva, etc\u00e9tera.\u00a0 Agregue ahora su condici\u00f3n, legal o no, de tener otra geograf\u00eda como lugar de nacimiento propio o de sus antecesores.\u00a0 Migrante, o de padres, abuelos, bisabuelos migrantes.\u00a0 Ah\u00ed tiene usted el perfil del criminal a perseguir\u201d.<\/p>\n<p class=\"nota-justify\">Sin ir muy lejos, continu\u00f3 el Capit\u00e1n, \u201cel gabinete de Trump tiene, en sus puestos claves, a descendientes de migrantes.\u00a0Marco Rubio, secretario de Estado, no tiene un apellido muy anglo que digamos y es hijo de migrantes cubanos.\u00a0Kristy Noem, secretaria de seguridad nacional, es de ascendencia noruega.\u00a0 Sin puesto (todav\u00eda) en el gabinete, est\u00e1 el senador de ultraderecha Ted Cruz, de padre cubano, y se llama Rafael.\u00a0Lori Chavez, secretaria del trabajo, es de ascendencia mexicana.\u00a0Trump es descendiente de migrantes y su se\u00f1ora esposa es eslovena de nacimiento\u201d.<\/p>\n<p class=\"nota-justify\">Se\u00f1al\u00f3 que, \u201cpuesto que est\u00e1 dif\u00edcil diferenciar con esos criterios, entonces ubiquemos el argumento reiterado: son delincuentes.\u00a0 En realidad, lo que no se dice es que los toman como \u201cpotenciales delincuentes. Deje usted de lado que varios de ese gabinete tienen acusaciones de abuso sexual y drogas. No est\u00e1 probado.\u00a0 Entonces conc\u00e9ntrese en quienes son convictos, es decir, juzgados y declarados culpables.\u00a0 \u00bfLo ve?, s\u00ed, Donald Trump\u201d.<\/p>\n<p class=\"nota-justify\">Tambi\u00e9n se refiri\u00f3 al presidente de El Salvador, Nayib Bukele \u201cformado en la escuela de cuadros del FMLN hecho partido\u201d, quien \u201clos encierra y televisa las condiciones en que se encuentran.\u00a0Lo que no impide que reciba su tajada del crimen organizado. La historia se repite en el resto de los pa\u00edses que tienen en esos colores oscuros su fundamento y su historia\u201d.<\/p>\n<p class=\"nota-justify\">\u00a0 Y sin embargo, asever\u00f3, \u201cen los escaparates del progresismo (que, parad\u00f3jicamente, se empe\u00f1a en reivindicar el pasado), a veces lucen sus galas algunos maniqu\u00eds \u2018ind\u00edgenas\u2019 que aspiran, como servidumbre, a que su color sea tolerado en los pisos superiores de la pir\u00e1mide.\u00a0 O sea, como adorno de bisuter\u00eda, barato y reemplazable\u201d.<\/p>\n<p class=\"nota-justify\">Expres\u00f3 que \u201ces \u2018ciudadano\u2019 el negro, el caf\u00e9, el amarillo, el rojo, el blanco.\u00a0Lo es el alto y el chaparro; el gordo y el flaco; el hombre, la mujer y\u00a0<i>loa otroa<\/i>; el mestizo y el ind\u00edgena; el patr\u00f3n y el empleado; el rico y el pobre.\u00a0 En este sentido es igual el pueblo originario que es despojado de su territorio, que el que ejecuta la orden de desalojo y el funcionario \u2018ind\u00edgena\u2019 que aval\u00f3 ese robo.\u00a0 La mujer v\u00edctima de violencia es igual que el macho que la desaparece, asesina o agrede.\u00a0 La persona transg\u00e9nero es igual que el polic\u00eda que se \u2018excede\u2019 en el cumplimiento de su deber.\u00a0La empleada de una cafeter\u00eda es igual que Carlos Slim.\u00a0Y as\u00ed\u201d.<\/p>\n<p class=\"nota-justify\">Concluy\u00f3: \u201cSi hay diferentes colores arriba, en la c\u00faspide de la pir\u00e1mide, y abajo, en la base que soporta sobre sus corazones el peso de la riqueza de los de arriba, \u00bfcu\u00e1l es entonces la diferencia?\u00a0 El lugar en la pir\u00e1mide. Con todas sus diferencias, particularidades, colores, quienes est\u00e1n en la base de esa estructura tienen en com\u00fan que son desechables.\u00a0Y, por lo mismo, las guerras (en todas sus variantes) son para deshacerse de ellos\u201d.<\/p>\n","protected":false},"excerpt":{"rendered":"<p>Mientras en Estados Unidos el gobierno del presidente Donald Trump detiene a migrantes \u201cpor el color de la piel y<\/p>\n","protected":false},"author":4,"featured_media":66014,"comment_status":"closed","ping_status":"closed","sticky":false,"template":"","format":"standard","meta":{"colormag_page_container_layout":"default_layout","colormag_page_sidebar_layout":"default_layout","_jetpack_memberships_contains_paid_content":false,"footnotes":"","jetpack_publicize_message":"","jetpack_publicize_feature_enabled":true,"jetpack_social_post_already_shared":true,"jetpack_social_options":{"image_generator_settings":{"template":"highway","default_image_id":0,"font":"","enabled":false},"version":2}},"categories":[30],"tags":[],"class_list":["post-66013","post","type-post","status-publish","format-standard","has-post-thumbnail","hentry","category-estados"],"jetpack_publicize_connections":[],"jetpack_featured_media_url":"https:\/\/i0.wp.com\/politicosaldesnudo.com.mx\/wp-content\/uploads\/2025\/06\/ZAP.jpg?fit=725%2C387&ssl=1","jetpack-related-posts":[],"jetpack_sharing_enabled":true,"_links":{"self":[{"href":"https:\/\/politicosaldesnudo.com.mx\/index.php\/wp-json\/wp\/v2\/posts\/66013","targetHints":{"allow":["GET"]}}],"collection":[{"href":"https:\/\/politicosaldesnudo.com.mx\/index.php\/wp-json\/wp\/v2\/posts"}],"about":[{"href":"https:\/\/politicosaldesnudo.com.mx\/index.php\/wp-json\/wp\/v2\/types\/post"}],"author":[{"embeddable":true,"href":"https:\/\/politicosaldesnudo.com.mx\/index.php\/wp-json\/wp\/v2\/users\/4"}],"replies":[{"embeddable":true,"href":"https:\/\/politicosaldesnudo.com.mx\/index.php\/wp-json\/wp\/v2\/comments?post=66013"}],"version-history":[{"count":0,"href":"https:\/\/politicosaldesnudo.com.mx\/index.php\/wp-json\/wp\/v2\/posts\/66013\/revisions"}],"wp:featuredmedia":[{"embeddable":true,"href":"https:\/\/politicosaldesnudo.com.mx\/index.php\/wp-json\/wp\/v2\/media\/66014"}],"wp:attachment":[{"href":"https:\/\/politicosaldesnudo.com.mx\/index.php\/wp-json\/wp\/v2\/media?parent=66013"}],"wp:term":[{"taxonomy":"category","embeddable":true,"href":"https:\/\/politicosaldesnudo.com.mx\/index.php\/wp-json\/wp\/v2\/categories?post=66013"},{"taxonomy":"post_tag","embeddable":true,"href":"https:\/\/politicosaldesnudo.com.mx\/index.php\/wp-json\/wp\/v2\/tags?post=66013"}],"curies":[{"name":"wp","href":"https:\/\/api.w.org\/{rel}","templated":true}]}}