{"id":66019,"date":"2025-07-01T00:18:58","date_gmt":"2025-07-01T06:18:58","guid":{"rendered":"https:\/\/politicosaldesnudo.com.mx\/?p=66019"},"modified":"2025-06-30T21:00:20","modified_gmt":"2025-07-01T03:00:20","slug":"con-orden-ejecutiva-trump-pone-punto-final-a-sanciones-contra-siria","status":"publish","type":"post","link":"https:\/\/politicosaldesnudo.com.mx\/index.php\/2025\/07\/01\/con-orden-ejecutiva-trump-pone-punto-final-a-sanciones-contra-siria\/","title":{"rendered":"Con orden ejecutiva, Trump pone punto final a sanciones contra Siria"},"content":{"rendered":"<p class=\"nota-justify\">El presidente, Donald Trump, firm\u00f3 este lunes por la tarde una orden ejecutiva que pone fin al programa de sanciones de Estados Unidos contra Siria, anunci\u00f3 la Casa Blanca.<\/p>\n<p class=\"nota-justify\">La orden ejecutiva se produce despu\u00e9s de que Trump anunciara en mayo, durante un viaje a Oriente Medio, que Estados Unidos levantar\u00eda todas las sanciones impuestas al pa\u00eds. Durante su estancia, el mandatario se reuni\u00f3 con el presidente sirio, Ahmed al-Sharaa, quien anunci\u00f3 un gobierno de transici\u00f3n en marzo, reporto el medio\u00a0<i>CBC News.\u00a0<\/i><\/p>\n<p class=\"nota-justify\">El r\u00e9gimen de Assad se derrumb\u00f3 bajo el peso de una ofensiva de las fuerzas de la oposici\u00f3n. Las sanciones contra Bashar al-Assad, ex presidente de Siria, se mantendr\u00e1n.<\/p>\n<p class=\"nota-justify\">\u00abLa orden eliminar\u00e1 las sanciones contra Siria, pero mantendr\u00e1 las sanciones contra el ex presidente Assad, sus asociados, violadores de derechos humanos, narcotraficantes, personas vinculadas a actividades con armas qu\u00edmicas, ISIS y sus afiliados, y representantes iran\u00edes\u00bb, inform\u00f3 la secretaria de prensa de la Casa Blanca, Karoline Leavitt.<\/p>\n<p class=\"nota-justify\">El gobierno de transici\u00f3n de Siria ha estado presionando a la administraci\u00f3n Trump para que alivie las sanciones durante meses, y se ha estado trabajando para aliviar algunas sanciones desde antes del anuncio del presidente en mayo.<\/p>\n","protected":false},"excerpt":{"rendered":"<p>El presidente, Donald Trump, firm\u00f3 este lunes por la tarde una orden ejecutiva que pone fin al programa de sanciones<\/p>\n","protected":false},"author":4,"featured_media":66020,"comment_status":"closed","ping_status":"closed","sticky":false,"template":"","format":"standard","meta":{"colormag_page_container_layout":"default_layout","colormag_page_sidebar_layout":"default_layout","_jetpack_memberships_contains_paid_content":false,"footnotes":"","jetpack_publicize_message":"","jetpack_publicize_feature_enabled":true,"jetpack_social_post_already_shared":true,"jetpack_social_options":{"image_generator_settings":{"template":"highway","default_image_id":0,"font":"","enabled":false},"version":2}},"categories":[28],"tags":[],"class_list":["post-66019","post","type-post","status-publish","format-standard","has-post-thumbnail","hentry","category-internacional"],"jetpack_publicize_connections":[],"jetpack_featured_media_url":"https:\/\/i0.wp.com\/politicosaldesnudo.com.mx\/wp-content\/uploads\/2025\/06\/IDIOT.jpg?fit=774%2C502&ssl=1","jetpack-related-posts":[],"jetpack_sharing_enabled":true,"_links":{"self":[{"href":"https:\/\/politicosaldesnudo.com.mx\/index.php\/wp-json\/wp\/v2\/posts\/66019","targetHints":{"allow":["GET"]}}],"collection":[{"href":"https:\/\/politicosaldesnudo.com.mx\/index.php\/wp-json\/wp\/v2\/posts"}],"about":[{"href":"https:\/\/politicosaldesnudo.com.mx\/index.php\/wp-json\/wp\/v2\/types\/post"}],"author":[{"embeddable":true,"href":"https:\/\/politicosaldesnudo.com.mx\/index.php\/wp-json\/wp\/v2\/users\/4"}],"replies":[{"embeddable":true,"href":"https:\/\/politicosaldesnudo.com.mx\/index.php\/wp-json\/wp\/v2\/comments?post=66019"}],"version-history":[{"count":0,"href":"https:\/\/politicosaldesnudo.com.mx\/index.php\/wp-json\/wp\/v2\/posts\/66019\/revisions"}],"wp:featuredmedia":[{"embeddable":true,"href":"https:\/\/politicosaldesnudo.com.mx\/index.php\/wp-json\/wp\/v2\/media\/66020"}],"wp:attachment":[{"href":"https:\/\/politicosaldesnudo.com.mx\/index.php\/wp-json\/wp\/v2\/media?parent=66019"}],"wp:term":[{"taxonomy":"category","embeddable":true,"href":"https:\/\/politicosaldesnudo.com.mx\/index.php\/wp-json\/wp\/v2\/categories?post=66019"},{"taxonomy":"post_tag","embeddable":true,"href":"https:\/\/politicosaldesnudo.com.mx\/index.php\/wp-json\/wp\/v2\/tags?post=66019"}],"curies":[{"name":"wp","href":"https:\/\/api.w.org\/{rel}","templated":true}]}}