{"id":66022,"date":"2025-07-01T00:19:49","date_gmt":"2025-07-01T06:19:49","guid":{"rendered":"https:\/\/politicosaldesnudo.com.mx\/?p=66022"},"modified":"2025-06-30T21:02:10","modified_gmt":"2025-07-01T03:02:10","slug":"ex-canciller-leyva-busco-ayuda-en-eu-para-destituir-a-petro","status":"publish","type":"post","link":"https:\/\/politicosaldesnudo.com.mx\/index.php\/2025\/07\/01\/ex-canciller-leyva-busco-ayuda-en-eu-para-destituir-a-petro\/","title":{"rendered":"Ex canciller Leyva busc\u00f3 ayuda en EU para destituir a Petro"},"content":{"rendered":"<p class=\"nota-justify\"><a href=\"https:\/\/elpais.com\/america-colombia\/2025-06-29\/alvaro-leyva-busco-en-estados-unidos-la-complicidad-de-trump-para-tumbar-a-petro.html\" target=\"_blank\" rel=\"noopener noreferrer\">Los audios revelados por\u00a0<i>El Pa\u00eds<\/i>\u00a0<\/a>en los que \u00c1lvaro Leyva habla de hacer caer a Gustavo Petro en \u201cno m\u00e1s de 20 d\u00edas\u201d han provocado una ola de indignaci\u00f3n en la clase pol\u00edtica colombiana, que en un gesto de madurez democr\u00e1tica ha rechazado de pleno el plan que quer\u00eda llevar a cabo el ex canciller con la ayuda de Estados Unidos.<\/p>\n<p class=\"nota-justify\">Los precandidatos Vicky D\u00e1vila, Luis Gilberto Murillo, Susana Muhamad y Juan Manuel Gal\u00e1n, as\u00ed como todo el gobierno en bloque y figuras de la talla de \u00c1lvaro Uribe y Humberto de la Calle, dos nombres fundamentales en la historia del pa\u00eds,\u00a0<a href=\"https:\/\/elpais.com\/america-colombia\/2025-06-29\/la-politica-colombiana-reacciona-a-los-audios-de-alvaro-leyva-no-es-solo-un-ataque-contra-petro-es-un-atentado-a-la-democracia.html\" target=\"_blank\" rel=\"noopener noreferrer\">han pedido explicaciones al\u00a0<\/a>pol\u00edtico conservador, que todav\u00eda no se ha pronunciado p\u00fablicamente. Este peri\u00f3dico ha tratado de recabar su versi\u00f3n sin \u00e9xito, antes y despu\u00e9s de la publicaci\u00f3n.<\/p>\n<p class=\"nota-justify\">En las grabaciones, se plantea periodos de tiempo que resultan imposibles para derrocar a un presidente de forma constitucional. En el muy garantista sistema colombiano se puede formular un juicio pol\u00edtico con una acusaci\u00f3n de la C\u00e1mara de Representantes, que se encargar\u00eda de la investigaci\u00f3n y pasar\u00eda el caso al Senado, el ente que lo juzgar\u00eda. El proceso se puede dilatar meses o incluso a\u00f1os, y como ejemplo est\u00e1 al que fue sometido el presidente\u00a0<a href=\"https:\/\/elpais.com\/america-colombia\/2025-05-02\/ernesto-samper-la-derechizacion-de-america-latina-puede-terminar-en-un-nuevo-fascismo.html\" target=\"_blank\" rel=\"noopener noreferrer\">Ernesto Samper<\/a>, que no lleg\u00f3 a concluir y qued\u00f3 en nada.<\/p>\n<p class=\"nota-justify\">Leyva, de acuerdo a los audios y una investigaci\u00f3n en Nueva York y Bogot\u00e1, busc\u00f3 la complicidad de Estados Unidos en el asunto. Contact\u00f3 con gente del entorno de\u00a0<a href=\"https:\/\/elpais.com\/us\/migracion\/2025-05-24\/miami-le-da-la-espalda-a-marco-rubio-su-hijo-prodigo-en-washington.html\" target=\"_blank\" rel=\"noopener noreferrer\">Marco Rubio<\/a>, el secretario de Estado. No recibi\u00f3 ninguna respuesta. D\u00e1vila, antigua directora de la revista\u00a0<i>Semana<\/i>, ha sido de las primeras en desmarcarse, ya que Leyva asegura en uno de los cortes que sopesaba consultarla para unirse al prop\u00f3sito de hacer caer a Petro. \u201cNo tengo nada que ver con estas ideas del ex canciller, \u00c1lvaro Leyva, que menciona\u00a0<i>El Pa\u00eds<\/i>. No estoy de acuerdo con que tumben a Petro, siempre lo he dicho, en p\u00fablico y en privado. No entiendo por qu\u00e9 Leyva utiliza mi nombre como supuesta \u2018interlocutora v\u00e1lida\u2019, en su imaginario, para atraer a pol\u00edticos en Colombia y Estados Unidos\u201d, ha escrito en redes sociales.<\/p>\n<p class=\"nota-justify\">Leyva tambi\u00e9n hace menci\u00f3n a\u00a0<a href=\"https:\/\/elpais.com\/america-colombia\/2025-06-08\/quien-es-miguel-uribe-turbay-el-senador-y-precandidato-presidencial-herido-en-un-atentado.html\" target=\"_blank\" rel=\"noopener noreferrer\">Miguel Uribe Turbay<\/a>, el joven pol\u00edtico que se encuentra luchando por su vida en un hospital tras sufrir un atentado. El ex presidente, \u00c1lvaro Uribe, (no guarda parentesco con el miembro de su partido) ha pedido explicaciones a quien fuera negociador de paz en representaci\u00f3n de la guerrilla de las FARC: \u201cNuestro precandidato presidencial Miguel Uribe Turbay es un dem\u00f3crata integral, un combatiente con las ideas y con los argumentos, una persona franca y genuina, no un golpista. Esperamos que el doctor \u00c1lvaro Leyva aclare. Lo mismo frente a nuestra compatriota y candidata independiente Vicky D\u00e1vila, cuyo car\u00e1cter y franqueza merecen el respeto de todos los colombianos\u201d.<\/p>\n<p class=\"nota-justify\">Han sido numerosos las muestras de apoyo a la democracia, a pesar de que el pa\u00eds vive una gran polarizaci\u00f3n, a la que contribuye Petro. Humberto de la Calle, un pol\u00edtico respetado que fue jefe negociador del gobierno en ese mismo proceso de paz en el que particip\u00f3 Leyva y culmin\u00f3 con \u00e9xito, ha condenado lo revelado: \u201cMuy graves las revelaciones que trae<i>\u00a0El Pa\u00eds\u00a0<\/i>de Madrid sobre las operaciones de \u00c1lvaro Leyva para tumbar al presidente Petro. Hay que rechazarlas. Una cosa es la cr\u00edtica y otra la conspiraci\u00f3n. El periodo de Gustavo Petro es intocable\u201d.<\/p>\n<p class=\"nota-justify\">Daniel Quintero, tambi\u00e9n precandidato, gener\u00f3 mucha pol\u00e9mica al asegurar que las \u201cgrabaciones revelan que el atentado a Miguel Uribe era parte de un plan para hacerle un golpe de estado al Presidente de Colombia\u201d. El material no demuestra eso, ni siquiera se puede inferir. Quintero ha defendido esta tesis desde que se produjo el atentado. Por su parte,\u00a0<a href=\"https:\/\/elpais.com\/america-colombia\/2025-05-13\/un-amor-no-correspondido-gustavo-bolivar-se-lanza-por-la-presidencia-sin-el-guino-de-petro.html\" target=\"_blank\" rel=\"noopener noreferrer\">Gustavo Bol\u00edvar<\/a>, ex miembro del gabinete de Petro, considera que se ha actuado al margen de la ley. \u201cEl intento de organizar un golpe de estado contra el presidente Petro no es s\u00f3lo ruin y desleal sino delictivo. Leyva no est\u00e1 en edad de pagar c\u00e1rcel, pero pasar\u00e1 sus \u00faltimos d\u00edas postrado en el desprestigio que significa atacar a quien te da confianza y atentar contra toda una naci\u00f3n apelando a intereses bajos\u201d, ha escrito en redes.<\/p>\n<p class=\"nota-justify\">Las muestras de repudio han llegado desde la izquierda, el centro y la derecha. Han juntado a Uribe con Juan Manuel Gal\u00e1n, Susana Muhamad y Cielo Rusinque. Petro lleva hablando de un intento golpista casi desde que lleg\u00f3 al poder y ha sostenido varias veces que lo quer\u00edan matar. Muchas de esas supuestas intentonas no se han demostrado, muchos han pensado que el presidente se victimizaba, pero al escuchar en su despacho los audios sinti\u00f3 que parte de sus intuiciones han resultado ciertas. \u201cLeyva me ha hecho la peor de las traiciones\u201d, ha dicho a este peri\u00f3dico.<\/p>\n<p class=\"nota-justify\">Las dos manos derechas de Petro,\u00a0<a href=\"https:\/\/elpais.com\/america-colombia\/2025-04-26\/armando-benedetti-la-mini-reeleccion-del-presidente-petro-es-el-primero-de-mayo-y-en-la-consulta-popular.html\" target=\"_blank\" rel=\"noopener noreferrer\">Armando Benedetti<\/a>\u00a0y\u00a0<a href=\"https:\/\/elpais.com\/america-colombia\/2025-04-30\/la-canciller-de-colombia-laura-sarabia-arrecia-su-ofensiva-contra-el-ministro-del-interior-armando-benedetti-petro-me-enseno-a-no-callar-ante-la-injusticia.html\" target=\"_blank\" rel=\"noopener noreferrer\">Laura Sarabia<\/a>, han repudiado las intenciones de Leyva. La ahora canciller se ha pronunciado en t\u00e9rminos muy duros: \u201cRuin y miserable. No encuentro mejores palabras para describir a \u00c1lvaro Leyva. La ambici\u00f3n desmedida por el poder lo llev\u00f3 a conspirar contra nuestra institucionalidad\u201d. Petro, en un mensaje, ha dicho que Leyva, que sali\u00f3 del gobierno por un error administrativo, no soport\u00f3 que Benedetti y Sarabia siguieran en sus cargos. (Benedetti ha realizado sus declaraciones en televisi\u00f3n). Faltan por pronunciarse importantes nombres de la vida p\u00fablica, como Sergio Fajardo, que se mantiene prudente hasta la respuesta de Leyva.<\/p>\n<p class=\"nota-justify\">En un momento de m\u00e1xima tensi\u00f3n, en el que Petro pretende sacar adelante una asamblea constituyente con una papeleta simb\u00f3lica, lo que muchos juristas y opositores consideran ilegal, la institucionalidad colombiana ha cerrado filas en torno a la necesidad de respetar el orden constitucional. La idea de Leyva, seg\u00fan los audios, era colocar en su lugar a\u00a0<a href=\"https:\/\/elpais.com\/america-colombia\/2025-06-29\/francia-marquez-se-desmarca-del-plan-de-leyva-para-tumbar-a-petro-no-me-presto-a-conspiraciones.html\" target=\"_blank\" rel=\"noopener noreferrer\">Francia M\u00e1rquez<\/a>, la vicepresidenta, que tambi\u00e9n ha negado su implicaci\u00f3n. En medio del caos pol\u00edtico, la clase dirigente ha dado un ejemplo de talante democr\u00e1tico.sibles delitos.<\/p>\n","protected":false},"excerpt":{"rendered":"<p>Los audios revelados por\u00a0El Pa\u00eds\u00a0en los que \u00c1lvaro Leyva habla de hacer caer a Gustavo Petro en \u201cno m\u00e1s de<\/p>\n","protected":false},"author":4,"featured_media":66023,"comment_status":"closed","ping_status":"closed","sticky":false,"template":"","format":"standard","meta":{"colormag_page_container_layout":"default_layout","colormag_page_sidebar_layout":"default_layout","_jetpack_memberships_contains_paid_content":false,"footnotes":"","jetpack_publicize_message":"","jetpack_publicize_feature_enabled":true,"jetpack_social_post_already_shared":true,"jetpack_social_options":{"image_generator_settings":{"template":"highway","default_image_id":0,"font":"","enabled":false},"version":2}},"categories":[28],"tags":[],"class_list":["post-66022","post","type-post","status-publish","format-standard","has-post-thumbnail","hentry","category-internacional"],"jetpack_publicize_connections":[],"jetpack_featured_media_url":"https:\/\/i0.wp.com\/politicosaldesnudo.com.mx\/wp-content\/uploads\/2025\/06\/PETRRR.jpg?fit=761%2C509&ssl=1","jetpack-related-posts":[],"jetpack_sharing_enabled":true,"_links":{"self":[{"href":"https:\/\/politicosaldesnudo.com.mx\/index.php\/wp-json\/wp\/v2\/posts\/66022","targetHints":{"allow":["GET"]}}],"collection":[{"href":"https:\/\/politicosaldesnudo.com.mx\/index.php\/wp-json\/wp\/v2\/posts"}],"about":[{"href":"https:\/\/politicosaldesnudo.com.mx\/index.php\/wp-json\/wp\/v2\/types\/post"}],"author":[{"embeddable":true,"href":"https:\/\/politicosaldesnudo.com.mx\/index.php\/wp-json\/wp\/v2\/users\/4"}],"replies":[{"embeddable":true,"href":"https:\/\/politicosaldesnudo.com.mx\/index.php\/wp-json\/wp\/v2\/comments?post=66022"}],"version-history":[{"count":0,"href":"https:\/\/politicosaldesnudo.com.mx\/index.php\/wp-json\/wp\/v2\/posts\/66022\/revisions"}],"wp:featuredmedia":[{"embeddable":true,"href":"https:\/\/politicosaldesnudo.com.mx\/index.php\/wp-json\/wp\/v2\/media\/66023"}],"wp:attachment":[{"href":"https:\/\/politicosaldesnudo.com.mx\/index.php\/wp-json\/wp\/v2\/media?parent=66022"}],"wp:term":[{"taxonomy":"category","embeddable":true,"href":"https:\/\/politicosaldesnudo.com.mx\/index.php\/wp-json\/wp\/v2\/categories?post=66022"},{"taxonomy":"post_tag","embeddable":true,"href":"https:\/\/politicosaldesnudo.com.mx\/index.php\/wp-json\/wp\/v2\/tags?post=66022"}],"curies":[{"name":"wp","href":"https:\/\/api.w.org\/{rel}","templated":true}]}}