{"id":66030,"date":"2025-06-30T21:11:44","date_gmt":"2025-07-01T03:11:44","guid":{"rendered":"https:\/\/politicosaldesnudo.com.mx\/?p=66030"},"modified":"2025-06-30T21:11:44","modified_gmt":"2025-07-01T03:11:44","slug":"en-tuxpan-se-pondran-en-marcha-obras-de-bacheo-arreglo-de-rejillas-y-rehabilitacion-de-pavimento-danado-por-reparaciones-de-fugas-de-agua","status":"publish","type":"post","link":"https:\/\/politicosaldesnudo.com.mx\/index.php\/2025\/06\/30\/en-tuxpan-se-pondran-en-marcha-obras-de-bacheo-arreglo-de-rejillas-y-rehabilitacion-de-pavimento-danado-por-reparaciones-de-fugas-de-agua\/","title":{"rendered":"En Tuxpan se pondr\u00e1n en marcha obras de bacheo, arreglo de rejillas y rehabilitaci\u00f3n de pavimento da\u00f1ado por reparaciones de fugas de agua"},"content":{"rendered":"<p>\u2022 El alcalde Dr. Jes\u00fas Fomperoza realiz\u00f3 un recorrido para identificar puntos prioritarios.<\/p>\n<p>Tuxpan, Ver., 30 de junio de 2025.- El presidente municipal Dr. Jes\u00fas Fomperoza Torres realiz\u00f3 un recorrido por distintos puntos de la ciudad, donde se desarrollar\u00e1n obras de bacheo, reparaci\u00f3n de rejillas pluviales y rehabilitaci\u00f3n de pavimento da\u00f1ado por reparaciones de fugas de agua.<\/p>\n<p><img data-recalc-dims=\"1\" loading=\"lazy\" decoding=\"async\" class=\"aligncenter size-large wp-image-66031\" src=\"https:\/\/i0.wp.com\/politicosaldesnudo.com.mx\/wp-content\/uploads\/2025\/06\/WhatsApp-Image-2025-06-30-at-19.52.50-1-1024x758.jpeg?resize=800%2C592&#038;ssl=1\" alt=\"\" width=\"800\" height=\"592\" srcset=\"https:\/\/i0.wp.com\/politicosaldesnudo.com.mx\/wp-content\/uploads\/2025\/06\/WhatsApp-Image-2025-06-30-at-19.52.50-1.jpeg?resize=1024%2C758&amp;ssl=1 1024w, https:\/\/i0.wp.com\/politicosaldesnudo.com.mx\/wp-content\/uploads\/2025\/06\/WhatsApp-Image-2025-06-30-at-19.52.50-1.jpeg?resize=300%2C222&amp;ssl=1 300w, https:\/\/i0.wp.com\/politicosaldesnudo.com.mx\/wp-content\/uploads\/2025\/06\/WhatsApp-Image-2025-06-30-at-19.52.50-1.jpeg?resize=768%2C569&amp;ssl=1 768w, https:\/\/i0.wp.com\/politicosaldesnudo.com.mx\/wp-content\/uploads\/2025\/06\/WhatsApp-Image-2025-06-30-at-19.52.50-1.jpeg?resize=1536%2C1138&amp;ssl=1 1536w, https:\/\/i0.wp.com\/politicosaldesnudo.com.mx\/wp-content\/uploads\/2025\/06\/WhatsApp-Image-2025-06-30-at-19.52.50-1.jpeg?w=1600&amp;ssl=1 1600w\" sizes=\"auto, (max-width: 800px) 100vw, 800px\" \/> <img data-recalc-dims=\"1\" loading=\"lazy\" decoding=\"async\" class=\"aligncenter size-large wp-image-66032\" src=\"https:\/\/i0.wp.com\/politicosaldesnudo.com.mx\/wp-content\/uploads\/2025\/06\/WhatsApp-Image-2025-06-30-at-19.52.50-1024x770.jpeg?resize=800%2C602&#038;ssl=1\" alt=\"\" width=\"800\" height=\"602\" srcset=\"https:\/\/i0.wp.com\/politicosaldesnudo.com.mx\/wp-content\/uploads\/2025\/06\/WhatsApp-Image-2025-06-30-at-19.52.50.jpeg?resize=1024%2C770&amp;ssl=1 1024w, https:\/\/i0.wp.com\/politicosaldesnudo.com.mx\/wp-content\/uploads\/2025\/06\/WhatsApp-Image-2025-06-30-at-19.52.50.jpeg?resize=300%2C226&amp;ssl=1 300w, https:\/\/i0.wp.com\/politicosaldesnudo.com.mx\/wp-content\/uploads\/2025\/06\/WhatsApp-Image-2025-06-30-at-19.52.50.jpeg?resize=768%2C577&amp;ssl=1 768w, https:\/\/i0.wp.com\/politicosaldesnudo.com.mx\/wp-content\/uploads\/2025\/06\/WhatsApp-Image-2025-06-30-at-19.52.50.jpeg?resize=1536%2C1155&amp;ssl=1 1536w, https:\/\/i0.wp.com\/politicosaldesnudo.com.mx\/wp-content\/uploads\/2025\/06\/WhatsApp-Image-2025-06-30-at-19.52.50.jpeg?w=1600&amp;ssl=1 1600w\" sizes=\"auto, (max-width: 800px) 100vw, 800px\" \/><\/p>\n<p>En este recorrido, el alcalde estuvo acompa\u00f1ado del director de Obras P\u00fablicas Giovanni Espa\u00f1a Fuentes y el director de Protecci\u00f3n Civil, Jos\u00e9 Ren\u00e9 T\u00e9llez Medina.<\/p>\n<p>Para optimizar la movilidad de los automovilistas y garantizar la seguridad de quienes transitan a pie, se llevar\u00e1 a cabo el bacheo en la salida a Tampico, a la altura de la tienda 3B y frente al ret\u00e9n militar.<\/p>\n<p><img data-recalc-dims=\"1\" loading=\"lazy\" decoding=\"async\" class=\"aligncenter size-large wp-image-66033\" src=\"https:\/\/i0.wp.com\/politicosaldesnudo.com.mx\/wp-content\/uploads\/2025\/06\/WhatsApp-Image-2025-06-30-at-19.52.51-1-997x1024.jpeg?resize=800%2C822&#038;ssl=1\" alt=\"\" width=\"800\" height=\"822\" srcset=\"https:\/\/i0.wp.com\/politicosaldesnudo.com.mx\/wp-content\/uploads\/2025\/06\/WhatsApp-Image-2025-06-30-at-19.52.51-1.jpeg?resize=997%2C1024&amp;ssl=1 997w, https:\/\/i0.wp.com\/politicosaldesnudo.com.mx\/wp-content\/uploads\/2025\/06\/WhatsApp-Image-2025-06-30-at-19.52.51-1.jpeg?resize=292%2C300&amp;ssl=1 292w, https:\/\/i0.wp.com\/politicosaldesnudo.com.mx\/wp-content\/uploads\/2025\/06\/WhatsApp-Image-2025-06-30-at-19.52.51-1.jpeg?resize=768%2C789&amp;ssl=1 768w, https:\/\/i0.wp.com\/politicosaldesnudo.com.mx\/wp-content\/uploads\/2025\/06\/WhatsApp-Image-2025-06-30-at-19.52.51-1.jpeg?resize=1496%2C1536&amp;ssl=1 1496w, https:\/\/i0.wp.com\/politicosaldesnudo.com.mx\/wp-content\/uploads\/2025\/06\/WhatsApp-Image-2025-06-30-at-19.52.51-1.jpeg?w=1558&amp;ssl=1 1558w\" sizes=\"auto, (max-width: 800px) 100vw, 800px\" \/> <img data-recalc-dims=\"1\" loading=\"lazy\" decoding=\"async\" class=\"aligncenter size-large wp-image-66034\" src=\"https:\/\/i0.wp.com\/politicosaldesnudo.com.mx\/wp-content\/uploads\/2025\/06\/WhatsApp-Image-2025-06-30-at-19.52.51-1024x777.jpeg?resize=800%2C607&#038;ssl=1\" alt=\"\" width=\"800\" height=\"607\" srcset=\"https:\/\/i0.wp.com\/politicosaldesnudo.com.mx\/wp-content\/uploads\/2025\/06\/WhatsApp-Image-2025-06-30-at-19.52.51.jpeg?resize=1024%2C777&amp;ssl=1 1024w, https:\/\/i0.wp.com\/politicosaldesnudo.com.mx\/wp-content\/uploads\/2025\/06\/WhatsApp-Image-2025-06-30-at-19.52.51.jpeg?resize=300%2C228&amp;ssl=1 300w, https:\/\/i0.wp.com\/politicosaldesnudo.com.mx\/wp-content\/uploads\/2025\/06\/WhatsApp-Image-2025-06-30-at-19.52.51.jpeg?resize=768%2C583&amp;ssl=1 768w, https:\/\/i0.wp.com\/politicosaldesnudo.com.mx\/wp-content\/uploads\/2025\/06\/WhatsApp-Image-2025-06-30-at-19.52.51.jpeg?resize=1536%2C1165&amp;ssl=1 1536w, https:\/\/i0.wp.com\/politicosaldesnudo.com.mx\/wp-content\/uploads\/2025\/06\/WhatsApp-Image-2025-06-30-at-19.52.51.jpeg?w=1600&amp;ssl=1 1600w\" sizes=\"auto, (max-width: 800px) 100vw, 800px\" \/><\/p>\n<p>En el Infonavit Canaco se reparar\u00e1n y colocar\u00e1n nuevas rejillas pluviales en donde haga falta, ya que son importantes para evitar inundaciones.<\/p>\n<p>De la misma manera, se reparar\u00e1 una rejilla pluvial en el bulevar a la playa, a la altura del Parque Ribere\u00f1o.<\/p>\n<p><img data-recalc-dims=\"1\" loading=\"lazy\" decoding=\"async\" class=\"aligncenter size-large wp-image-66036\" src=\"https:\/\/i0.wp.com\/politicosaldesnudo.com.mx\/wp-content\/uploads\/2025\/06\/WhatsApp-Image-2025-06-30-at-19.52.52-2-770x1024.jpeg?resize=770%2C1024&#038;ssl=1\" alt=\"\" width=\"770\" height=\"1024\" srcset=\"https:\/\/i0.wp.com\/politicosaldesnudo.com.mx\/wp-content\/uploads\/2025\/06\/WhatsApp-Image-2025-06-30-at-19.52.52-2.jpeg?resize=770%2C1024&amp;ssl=1 770w, https:\/\/i0.wp.com\/politicosaldesnudo.com.mx\/wp-content\/uploads\/2025\/06\/WhatsApp-Image-2025-06-30-at-19.52.52-2.jpeg?resize=226%2C300&amp;ssl=1 226w, https:\/\/i0.wp.com\/politicosaldesnudo.com.mx\/wp-content\/uploads\/2025\/06\/WhatsApp-Image-2025-06-30-at-19.52.52-2.jpeg?resize=768%2C1021&amp;ssl=1 768w, https:\/\/i0.wp.com\/politicosaldesnudo.com.mx\/wp-content\/uploads\/2025\/06\/WhatsApp-Image-2025-06-30-at-19.52.52-2.jpeg?w=963&amp;ssl=1 963w\" sizes=\"auto, (max-width: 770px) 100vw, 770px\" \/> <img data-recalc-dims=\"1\" loading=\"lazy\" decoding=\"async\" class=\"aligncenter size-large wp-image-66037\" src=\"https:\/\/i0.wp.com\/politicosaldesnudo.com.mx\/wp-content\/uploads\/2025\/06\/WhatsApp-Image-2025-06-30-at-19.52.52-891x1024.jpeg?resize=800%2C919&#038;ssl=1\" alt=\"\" width=\"800\" height=\"919\" srcset=\"https:\/\/i0.wp.com\/politicosaldesnudo.com.mx\/wp-content\/uploads\/2025\/06\/WhatsApp-Image-2025-06-30-at-19.52.52.jpeg?resize=891%2C1024&amp;ssl=1 891w, https:\/\/i0.wp.com\/politicosaldesnudo.com.mx\/wp-content\/uploads\/2025\/06\/WhatsApp-Image-2025-06-30-at-19.52.52.jpeg?resize=261%2C300&amp;ssl=1 261w, https:\/\/i0.wp.com\/politicosaldesnudo.com.mx\/wp-content\/uploads\/2025\/06\/WhatsApp-Image-2025-06-30-at-19.52.52.jpeg?resize=768%2C883&amp;ssl=1 768w, https:\/\/i0.wp.com\/politicosaldesnudo.com.mx\/wp-content\/uploads\/2025\/06\/WhatsApp-Image-2025-06-30-at-19.52.52.jpeg?resize=1336%2C1536&amp;ssl=1 1336w, https:\/\/i0.wp.com\/politicosaldesnudo.com.mx\/wp-content\/uploads\/2025\/06\/WhatsApp-Image-2025-06-30-at-19.52.52.jpeg?w=1392&amp;ssl=1 1392w\" sizes=\"auto, (max-width: 800px) 100vw, 800px\" \/><\/p>\n<p>El alcalde Jes\u00fas Fomperoza inform\u00f3 que se reunir\u00e1 a la brevedad con directivos de CAEV para que, de manera conjunta, se lleve a cabo rehabilitaci\u00f3n de pavimento da\u00f1ado por reparaciones hechas a la red de agua potable.<\/p>\n","protected":false},"excerpt":{"rendered":"<p>\u2022 El alcalde Dr. Jes\u00fas Fomperoza realiz\u00f3 un recorrido para identificar puntos prioritarios. Tuxpan, Ver., 30 de junio de 2025.-<\/p>\n","protected":false},"author":4,"featured_media":66035,"comment_status":"closed","ping_status":"closed","sticky":false,"template":"","format":"standard","meta":{"colormag_page_container_layout":"default_layout","colormag_page_sidebar_layout":"default_layout","_jetpack_memberships_contains_paid_content":false,"footnotes":"","jetpack_publicize_message":"","jetpack_publicize_feature_enabled":true,"jetpack_social_post_already_shared":true,"jetpack_social_options":{"image_generator_settings":{"template":"highway","default_image_id":0,"font":"","enabled":false},"version":2}},"categories":[3205,1082],"tags":[],"class_list":["post-66030","post","type-post","status-publish","format-standard","has-post-thumbnail","hentry","category-gobierno-tuxpan","category-tuxpan"],"jetpack_publicize_connections":[],"jetpack_featured_media_url":"https:\/\/i0.wp.com\/politicosaldesnudo.com.mx\/wp-content\/uploads\/2025\/06\/WhatsApp-Image-2025-06-30-at-19.52.52-1.jpeg?fit=1280%2C963&ssl=1","jetpack-related-posts":[],"jetpack_sharing_enabled":true,"_links":{"self":[{"href":"https:\/\/politicosaldesnudo.com.mx\/index.php\/wp-json\/wp\/v2\/posts\/66030","targetHints":{"allow":["GET"]}}],"collection":[{"href":"https:\/\/politicosaldesnudo.com.mx\/index.php\/wp-json\/wp\/v2\/posts"}],"about":[{"href":"https:\/\/politicosaldesnudo.com.mx\/index.php\/wp-json\/wp\/v2\/types\/post"}],"author":[{"embeddable":true,"href":"https:\/\/politicosaldesnudo.com.mx\/index.php\/wp-json\/wp\/v2\/users\/4"}],"replies":[{"embeddable":true,"href":"https:\/\/politicosaldesnudo.com.mx\/index.php\/wp-json\/wp\/v2\/comments?post=66030"}],"version-history":[{"count":0,"href":"https:\/\/politicosaldesnudo.com.mx\/index.php\/wp-json\/wp\/v2\/posts\/66030\/revisions"}],"wp:featuredmedia":[{"embeddable":true,"href":"https:\/\/politicosaldesnudo.com.mx\/index.php\/wp-json\/wp\/v2\/media\/66035"}],"wp:attachment":[{"href":"https:\/\/politicosaldesnudo.com.mx\/index.php\/wp-json\/wp\/v2\/media?parent=66030"}],"wp:term":[{"taxonomy":"category","embeddable":true,"href":"https:\/\/politicosaldesnudo.com.mx\/index.php\/wp-json\/wp\/v2\/categories?post=66030"},{"taxonomy":"post_tag","embeddable":true,"href":"https:\/\/politicosaldesnudo.com.mx\/index.php\/wp-json\/wp\/v2\/tags?post=66030"}],"curies":[{"name":"wp","href":"https:\/\/api.w.org\/{rel}","templated":true}]}}