{"id":66050,"date":"2025-07-02T00:42:23","date_gmt":"2025-07-02T06:42:23","guid":{"rendered":"https:\/\/politicosaldesnudo.com.mx\/?p=66050"},"modified":"2025-07-02T00:42:23","modified_gmt":"2025-07-02T06:42:23","slug":"calles-de-la-cabecera-intransitables","status":"publish","type":"post","link":"https:\/\/politicosaldesnudo.com.mx\/index.php\/2025\/07\/02\/calles-de-la-cabecera-intransitables\/","title":{"rendered":"Calles de la cabecera intransitables"},"content":{"rendered":"<p>Las recientes e intensas lluvias que han ca\u00eddo sobre la cabecera municipal en las \u00faltimas horas han dejado un panorama desolador con numerosas calles que se encuentran intransitables, afectando la movilidad y la vida diaria de los residentes, esta situaci\u00f3n ha puesto de manifiesto, una vez m\u00e1s, las notorias deficiencias en la infraestructura vial y de drenaje en varias zonas de la ciudad.<\/p>\n<p>Vecinos de distintas colonias han reportado el incremento alarmante en los niveles de agua, que ha convertido avenidas y calles secundarias en verdaderos r\u00edos, autom\u00f3viles varados y dificultades para el tr\u00e1nsito peatonal son escenas comunes, la acumulaci\u00f3n de lodo y basura arrastrada por la corriente ha complicado a\u00fan m\u00e1s el panorama, obstaculizando el paso y generando un riesgo para los transe\u00fantes.<\/p>\n<p>La problem\u00e1tica se agudiza en aquellos puntos donde el sistema de drenaje es insuficiente o inexistente, lo que provoca que el agua no tenga salida y se estanque por horas, e incluso d\u00edas, despu\u00e9s de que cesa la precipitaci\u00f3n, esta recurrente situaci\u00f3n no solo afecta la circulaci\u00f3n, sino que tambi\u00e9n genera focos de insalubridad y da\u00f1os materiales en viviendas y negocios.<\/p>\n<p>Residentes de las \u00e1reas m\u00e1s afectadas, como las colonias de Alto Lucero, la zona de las Granjas, Sol de Justicia, la Luna, el Esfuerzo, entre otras, han expresado su frustraci\u00f3n y preocupaci\u00f3n ante la falta de soluciones a largo plazo por parte de las autoridades municipales.<\/p>\n<p>Argumentan que cada temporada de lluvias se repite la misma historia, evidenciando una falta de inversi\u00f3n y planificaci\u00f3n en obras de infraestructura que garanticen la funcionalidad de las vialidades en condiciones clim\u00e1ticas adversas.<\/p>\n","protected":false},"excerpt":{"rendered":"<p>Las recientes e intensas lluvias que han ca\u00eddo sobre la cabecera municipal en las \u00faltimas horas han dejado un panorama<\/p>\n","protected":false},"author":4,"featured_media":66051,"comment_status":"closed","ping_status":"closed","sticky":false,"template":"","format":"standard","meta":{"colormag_page_container_layout":"default_layout","colormag_page_sidebar_layout":"default_layout","_jetpack_memberships_contains_paid_content":false,"footnotes":"","jetpack_publicize_message":"","jetpack_publicize_feature_enabled":true,"jetpack_social_post_already_shared":true,"jetpack_social_options":{"image_generator_settings":{"template":"highway","default_image_id":0,"font":"","enabled":false},"version":2}},"categories":[1082],"tags":[],"class_list":["post-66050","post","type-post","status-publish","format-standard","has-post-thumbnail","hentry","category-tuxpan"],"jetpack_publicize_connections":[],"jetpack_featured_media_url":"https:\/\/i0.wp.com\/politicosaldesnudo.com.mx\/wp-content\/uploads\/2025\/07\/WhatsApp-Image-2025-07-01-at-17.26.45-1.jpg?fit=1600%2C725&ssl=1","jetpack-related-posts":[],"jetpack_sharing_enabled":true,"_links":{"self":[{"href":"https:\/\/politicosaldesnudo.com.mx\/index.php\/wp-json\/wp\/v2\/posts\/66050","targetHints":{"allow":["GET"]}}],"collection":[{"href":"https:\/\/politicosaldesnudo.com.mx\/index.php\/wp-json\/wp\/v2\/posts"}],"about":[{"href":"https:\/\/politicosaldesnudo.com.mx\/index.php\/wp-json\/wp\/v2\/types\/post"}],"author":[{"embeddable":true,"href":"https:\/\/politicosaldesnudo.com.mx\/index.php\/wp-json\/wp\/v2\/users\/4"}],"replies":[{"embeddable":true,"href":"https:\/\/politicosaldesnudo.com.mx\/index.php\/wp-json\/wp\/v2\/comments?post=66050"}],"version-history":[{"count":0,"href":"https:\/\/politicosaldesnudo.com.mx\/index.php\/wp-json\/wp\/v2\/posts\/66050\/revisions"}],"wp:featuredmedia":[{"embeddable":true,"href":"https:\/\/politicosaldesnudo.com.mx\/index.php\/wp-json\/wp\/v2\/media\/66051"}],"wp:attachment":[{"href":"https:\/\/politicosaldesnudo.com.mx\/index.php\/wp-json\/wp\/v2\/media?parent=66050"}],"wp:term":[{"taxonomy":"category","embeddable":true,"href":"https:\/\/politicosaldesnudo.com.mx\/index.php\/wp-json\/wp\/v2\/categories?post=66050"},{"taxonomy":"post_tag","embeddable":true,"href":"https:\/\/politicosaldesnudo.com.mx\/index.php\/wp-json\/wp\/v2\/tags?post=66050"}],"curies":[{"name":"wp","href":"https:\/\/api.w.org\/{rel}","templated":true}]}}