{"id":66053,"date":"2025-07-02T00:43:12","date_gmt":"2025-07-02T06:43:12","guid":{"rendered":"https:\/\/politicosaldesnudo.com.mx\/?p=66053"},"modified":"2025-07-02T00:43:12","modified_gmt":"2025-07-02T06:43:12","slug":"los-caic-reciben-apoyos-de-la-escuela-es-nuestra","status":"publish","type":"post","link":"https:\/\/politicosaldesnudo.com.mx\/index.php\/2025\/07\/02\/los-caic-reciben-apoyos-de-la-escuela-es-nuestra\/","title":{"rendered":"Los CAIC reciben apoyos de la Escuela es Nuestra"},"content":{"rendered":"<p>El Comit\u00e9 Escolar de Administraci\u00f3n Participativa, que agrupa a los siete Centros de Atenci\u00f3n Infantil Comunitario; CAIC de Tuxpan, recibi\u00f3 la tarjeta del Banco Bienestar, que les permitir\u00e1 acceder a los recursos del programa federal \u00abLa Escuela Es Nuestra\u00bb.<\/p>\n<p>Esta iniciativa busca empoderar a los padres de familia, quienes ser\u00e1n los encargados de decidir y supervisar las obras de mejora y las compras necesarias para atender las necesidades espec\u00edficas de cada CAIC.<\/p>\n<p>Los centros beneficiados con esta inyecci\u00f3n de recursos son CAIC DIF Tuxpan, El Retiro, Villamar, Ojite, Baltazar, Luis Donaldo Colosio y Sabanilla, la medida representa un paso importante en la descentralizaci\u00f3n de la toma de decisiones y busca asegurar que las inversiones respondan directamente a las prioridades de la comunidad educativa.<\/p>\n<p>Este financiamiento se suma a los esfuerzos de rehabilitaci\u00f3n que el DIF y el Gobierno local han estado llevando a cabo en los CAIC, fortaleciendo la infraestructura y el equipamiento de estos espacios fundamentales para el desarrollo infantil en el municipio.<\/p>\n<p>Por lo que se espera que la participaci\u00f3n directa de los padres de familia agilice la ejecuci\u00f3n de los proyectos y garantice una mayor transparencia en el uso de los fondos.<\/p>\n","protected":false},"excerpt":{"rendered":"<p>El Comit\u00e9 Escolar de Administraci\u00f3n Participativa, que agrupa a los siete Centros de Atenci\u00f3n Infantil Comunitario; CAIC de Tuxpan, recibi\u00f3<\/p>\n","protected":false},"author":4,"featured_media":66054,"comment_status":"closed","ping_status":"closed","sticky":false,"template":"","format":"standard","meta":{"colormag_page_container_layout":"default_layout","colormag_page_sidebar_layout":"default_layout","_jetpack_memberships_contains_paid_content":false,"footnotes":"","jetpack_publicize_message":"","jetpack_publicize_feature_enabled":true,"jetpack_social_post_already_shared":true,"jetpack_social_options":{"image_generator_settings":{"template":"highway","default_image_id":0,"font":"","enabled":false},"version":2}},"categories":[1],"tags":[],"class_list":["post-66053","post","type-post","status-publish","format-standard","has-post-thumbnail","hentry","category-sin-categoria"],"jetpack_publicize_connections":[],"jetpack_featured_media_url":"https:\/\/i0.wp.com\/politicosaldesnudo.com.mx\/wp-content\/uploads\/2025\/07\/WhatsApp-Image-2025-07-01-at-17.22.21.jpg?fit=1286%2C781&ssl=1","jetpack-related-posts":[],"jetpack_sharing_enabled":true,"_links":{"self":[{"href":"https:\/\/politicosaldesnudo.com.mx\/index.php\/wp-json\/wp\/v2\/posts\/66053","targetHints":{"allow":["GET"]}}],"collection":[{"href":"https:\/\/politicosaldesnudo.com.mx\/index.php\/wp-json\/wp\/v2\/posts"}],"about":[{"href":"https:\/\/politicosaldesnudo.com.mx\/index.php\/wp-json\/wp\/v2\/types\/post"}],"author":[{"embeddable":true,"href":"https:\/\/politicosaldesnudo.com.mx\/index.php\/wp-json\/wp\/v2\/users\/4"}],"replies":[{"embeddable":true,"href":"https:\/\/politicosaldesnudo.com.mx\/index.php\/wp-json\/wp\/v2\/comments?post=66053"}],"version-history":[{"count":0,"href":"https:\/\/politicosaldesnudo.com.mx\/index.php\/wp-json\/wp\/v2\/posts\/66053\/revisions"}],"wp:featuredmedia":[{"embeddable":true,"href":"https:\/\/politicosaldesnudo.com.mx\/index.php\/wp-json\/wp\/v2\/media\/66054"}],"wp:attachment":[{"href":"https:\/\/politicosaldesnudo.com.mx\/index.php\/wp-json\/wp\/v2\/media?parent=66053"}],"wp:term":[{"taxonomy":"category","embeddable":true,"href":"https:\/\/politicosaldesnudo.com.mx\/index.php\/wp-json\/wp\/v2\/categories?post=66053"},{"taxonomy":"post_tag","embeddable":true,"href":"https:\/\/politicosaldesnudo.com.mx\/index.php\/wp-json\/wp\/v2\/tags?post=66053"}],"curies":[{"name":"wp","href":"https:\/\/api.w.org\/{rel}","templated":true}]}}