{"id":66194,"date":"2025-07-03T22:24:13","date_gmt":"2025-07-04T04:24:13","guid":{"rendered":"https:\/\/politicosaldesnudo.com.mx\/?p=66194"},"modified":"2025-07-03T22:24:13","modified_gmt":"2025-07-04T04:24:13","slug":"zenyazen-poder-votos-y-magistraturas","status":"publish","type":"post","link":"https:\/\/politicosaldesnudo.com.mx\/index.php\/2025\/07\/03\/zenyazen-poder-votos-y-magistraturas\/","title":{"rendered":"\u201cZenyazen: poder, votos y magistraturas\u201d"},"content":{"rendered":"<p style=\"font-weight: 400;\"><em>\u201cEl mando debe ser un anexo de la ejemplaridad.\u201d \u2013 Jos\u00e9 Ortega y Gasset.<\/em><\/p>\n<p style=\"font-weight: 400;\"><strong>En menos de diez d\u00edas, la bancada de Morena en la C\u00e1mara de Diputados Federal aprob\u00f3 un paquete de 16 iniciativas clave durante su primer periodo extraordinario de sesiones, consolidando no solo su fuerza legislativa, sino tambi\u00e9n su capacidad de operaci\u00f3n pol\u00edtica.<\/strong><\/p>\n<p style=\"font-weight: 400;\"><strong>Entre los grupos m\u00e1s activos destaca la bancada veracruzana, coordinada por el diputado federal Zenyazen Escobar Garc\u00eda, quien ha sabido capitalizar su experiencia como exsecretario de Educaci\u00f3n para posicionarse como uno de los operadores m\u00e1s eficaces del oficialismo.<\/strong><\/p>\n<p style=\"font-weight: 400;\"><strong>Lo que ocurri\u00f3 en San L\u00e1zaro no fue una casualidad. Bajo su liderazgo, los legisladores veracruzanos no solo mostraron disciplina partidista, sino tambi\u00e9n una coordinaci\u00f3n que demuestra c\u00f3mo Veracruz se ha convertido en uno de los bastiones m\u00e1s estrat\u00e9gicos para la Cuarta Transformaci\u00f3n.<\/strong><\/p>\n<p style=\"font-weight: 400;\"><strong>Desde reformas en materia judicial, hasta la reorganizaci\u00f3n del aparato de seguridad p\u00fablica y la simplificaci\u00f3n administrativa, el bloque guinda veracruzano no dej\u00f3 tema sin tocar.<\/strong><\/p>\n<p style=\"font-weight: 400;\"><strong>Pero la proyecci\u00f3n de Escobar va m\u00e1s all\u00e1 del recinto legislativo. La inminente designaci\u00f3n de su esposa, Liliana L\u00f3pez Coronado, como magistrada en materia familiar del Poder Judicial del Estado, confirma que el poder pol\u00edtico en Veracruz no solo se ejerce desde los congresos, sino tambi\u00e9n desde los tribunales.<\/strong><\/p>\n<p style=\"font-weight: 400;\"><strong>L\u00f3pez Coronado no es una figura improvisada: en las pasadas elecciones, fue la \u00fanica aspirante judicial que recorri\u00f3 las ocho grandes regiones de la entidad \u2014desde la Huasteca Alta hasta la Cuenca del Papaloapan\u2014 cosechando una votaci\u00f3n de m\u00e1s de 95 mil sufragios. Ese despliegue territorial y pol\u00edtico no se entiende sin la cercan\u00eda y experiencia compartida con Zenyazen Escobar.<\/strong><\/p>\n<p style=\"font-weight: 400;\"><strong>La conformaci\u00f3n del nuevo Poder Judicial en Veracruz evidencia que Morena ha aprendido a articular poder en todos los frentes. No s\u00f3lo legisla, tambi\u00e9n construye estructuras de influencia que van desde los municipios hasta el aparato judicial.<\/strong><\/p>\n<p style=\"font-weight: 400;\"><strong>De confirmarse la presidencia de Rosalba Hern\u00e1ndez Hern\u00e1ndez al frente del Tribunal Superior de Justicia, se cerrar\u00eda un c\u00edrculo de control institucional muy bien calculado. No es un secreto que Hern\u00e1ndez Hern\u00e1ndez mantiene una relaci\u00f3n cercana con el senador Manuel Huerta Ladr\u00f3n de Guevara, otro de los actores clave del lopezobradorismo veracruzano.<\/strong><\/p>\n<p style=\"font-weight: 400;\"><strong>Lo que vemos no es solo la consolidaci\u00f3n de un proyecto pol\u00edtico, sino el avance de una estrategia de poder que, guste o no, est\u00e1 logrando penetrar con fuerza en todos los niveles de gobierno.<\/strong><\/p>\n<p style=\"font-weight: 400;\"><strong>La bancada veracruzana de Morena no s\u00f3lo aprueba leyes en tiempo r\u00e9cord; est\u00e1 construyendo, desde los cimientos, el nuevo rostro institucional del estado.<\/strong><\/p>\n<p style=\"font-weight: 400;\"><strong>\u00a0<\/strong><\/p>\n<p style=\"font-weight: 400;\"><strong>Al tiempo.<\/strong><\/p>\n<p><img data-recalc-dims=\"1\" loading=\"lazy\" decoding=\"async\" class=\"aligncenter size-full wp-image-66111\" src=\"https:\/\/i0.wp.com\/politicosaldesnudo.com.mx\/wp-content\/uploads\/2025\/07\/FIRMA-EDITORIAL-PD.jpg?resize=800%2C98&#038;ssl=1\" alt=\"\" width=\"800\" height=\"98\" srcset=\"https:\/\/i0.wp.com\/politicosaldesnudo.com.mx\/wp-content\/uploads\/2025\/07\/FIRMA-EDITORIAL-PD.jpg?w=1024&amp;ssl=1 1024w, https:\/\/i0.wp.com\/politicosaldesnudo.com.mx\/wp-content\/uploads\/2025\/07\/FIRMA-EDITORIAL-PD.jpg?resize=300%2C37&amp;ssl=1 300w, https:\/\/i0.wp.com\/politicosaldesnudo.com.mx\/wp-content\/uploads\/2025\/07\/FIRMA-EDITORIAL-PD.jpg?resize=768%2C94&amp;ssl=1 768w\" sizes=\"auto, (max-width: 800px) 100vw, 800px\" \/><\/p>\n","protected":false},"excerpt":{"rendered":"<p>\u201cEl mando debe ser un anexo de la ejemplaridad.\u201d \u2013 Jos\u00e9 Ortega y Gasset. En menos de diez d\u00edas, la<\/p>\n","protected":false},"author":4,"featured_media":36965,"comment_status":"closed","ping_status":"closed","sticky":false,"template":"","format":"standard","meta":{"colormag_page_container_layout":"default_layout","colormag_page_sidebar_layout":"default_layout","_jetpack_memberships_contains_paid_content":false,"footnotes":"","jetpack_publicize_message":"","jetpack_publicize_feature_enabled":true,"jetpack_social_post_already_shared":true,"jetpack_social_options":{"image_generator_settings":{"template":"highway","default_image_id":0,"font":"","enabled":false},"version":2}},"categories":[26],"tags":[],"class_list":["post-66194","post","type-post","status-publish","format-standard","has-post-thumbnail","hentry","category-columnistas"],"jetpack_publicize_connections":[],"jetpack_featured_media_url":"https:\/\/i0.wp.com\/politicosaldesnudo.com.mx\/wp-content\/uploads\/2024\/05\/LUIS-RAMIREZ-BAQUEIRO.jpg?fit=800%2C445&ssl=1","jetpack-related-posts":[],"jetpack_sharing_enabled":true,"_links":{"self":[{"href":"https:\/\/politicosaldesnudo.com.mx\/index.php\/wp-json\/wp\/v2\/posts\/66194","targetHints":{"allow":["GET"]}}],"collection":[{"href":"https:\/\/politicosaldesnudo.com.mx\/index.php\/wp-json\/wp\/v2\/posts"}],"about":[{"href":"https:\/\/politicosaldesnudo.com.mx\/index.php\/wp-json\/wp\/v2\/types\/post"}],"author":[{"embeddable":true,"href":"https:\/\/politicosaldesnudo.com.mx\/index.php\/wp-json\/wp\/v2\/users\/4"}],"replies":[{"embeddable":true,"href":"https:\/\/politicosaldesnudo.com.mx\/index.php\/wp-json\/wp\/v2\/comments?post=66194"}],"version-history":[{"count":0,"href":"https:\/\/politicosaldesnudo.com.mx\/index.php\/wp-json\/wp\/v2\/posts\/66194\/revisions"}],"wp:featuredmedia":[{"embeddable":true,"href":"https:\/\/politicosaldesnudo.com.mx\/index.php\/wp-json\/wp\/v2\/media\/36965"}],"wp:attachment":[{"href":"https:\/\/politicosaldesnudo.com.mx\/index.php\/wp-json\/wp\/v2\/media?parent=66194"}],"wp:term":[{"taxonomy":"category","embeddable":true,"href":"https:\/\/politicosaldesnudo.com.mx\/index.php\/wp-json\/wp\/v2\/categories?post=66194"},{"taxonomy":"post_tag","embeddable":true,"href":"https:\/\/politicosaldesnudo.com.mx\/index.php\/wp-json\/wp\/v2\/tags?post=66194"}],"curies":[{"name":"wp","href":"https:\/\/api.w.org\/{rel}","templated":true}]}}