{"id":66200,"date":"2025-07-04T00:13:01","date_gmt":"2025-07-04T06:13:01","guid":{"rendered":"https:\/\/politicosaldesnudo.com.mx\/?p=66200"},"modified":"2025-07-04T00:13:01","modified_gmt":"2025-07-04T06:13:01","slug":"el-racismo-de-lorenzo-cordova","status":"publish","type":"post","link":"https:\/\/politicosaldesnudo.com.mx\/index.php\/2025\/07\/04\/el-racismo-de-lorenzo-cordova\/","title":{"rendered":"El racismo de Lorenzo C\u00f3rdova"},"content":{"rendered":"<p><span style=\"font-family: arial, helvetica, sans-serif; font-size: 18pt;\"><strong>ALMA GRANDE<\/strong><\/span><\/p>\n<p><span style=\"font-family: arial, helvetica, sans-serif; font-size: 18pt;\"><strong>Por \u00c1ngel \u00c1lvaro Pe\u00f1a<\/strong><\/span><\/p>\n<p><span style=\"font-family: arial, helvetica, sans-serif; font-size: 14pt;\">Lorenzo C\u00f3rdova Vianello, pas\u00f3 de ser el zar de las elecciones a generador de violencia pol\u00edtica, cuya conducta racista podr\u00eda estar plasmada en los libros de texto gratuitos que distribuye la SEP. En estos libros los mexicanos desde ni\u00f1os podr\u00edan darse cuenta de que fue un traidor a la patria, m\u00e1s cercano a un delincuente com\u00fan que a un palad\u00edn de la democracia, como le hubiera gustado aparecer.<\/span><\/p>\n<p><span style=\"font-family: arial, helvetica, sans-serif; font-size: 14pt;\">Sus hijos Andr\u00e9s y Sof\u00eda sabr\u00e1n, como muchos otros adolescentes, qui\u00e9n fue Lorenzo C\u00f3rdova.<\/span><\/p>\n<p><span style=\"font-family: arial, helvetica, sans-serif; font-size: 14pt;\">A pesar de que su padre, Arnaldo C\u00f3rdova fue un historiador y polit\u00f3logo con ideolog\u00eda de izquierda, a la que siempre atac\u00f3 el chamaco, tuvo el descaro de manifestarse de derecha a pocos d\u00edas de dejar el cargo en el INE. Presidiendo un acto conservador.\u00a0\u00a0<\/span><\/p>\n<p><span style=\"font-family: arial, helvetica, sans-serif; font-size: 14pt;\">En el INE no hab\u00eda nadie que lo contradijera sin que se llevara una reprimenda y a veces hasta castigos o despidos. El instituto no tiene buena impresi\u00f3n de este ser autoritario y d\u00e9spota.<\/span><\/p>\n<p><span style=\"font-family: arial, helvetica, sans-serif; font-size: 14pt;\">La menci\u00f3n en el libro de texto es la siguiente: \u201c2015. En M\u00e9xico, el presidente del Instituto Nacional Electoral (INE), Lorenzo C\u00f3rdova Vianello, se mofa de los representantes de las naciones originarias\u201d, la cual aparece en la p\u00e1gina 246, del libro de texto Proyectos Comunitarios para sexto grado de primaria.<\/span><\/p>\n<p><span style=\"font-family: arial, helvetica, sans-serif; font-size: 14pt;\">Lorenzo en ning\u00fan momento desmiente sino que aduce protecci\u00f3n de su nombre y quiere que no lo plasmen en los libros, porque aunque ya hay generaciones enteras que lo recodaremos como un generador de violencia, racista y discriminador, las nuevas generaciones sabr\u00e1n qui\u00e9n es en realidad este sujeto.<\/span><\/p>\n<p><span style=\"font-family: arial, helvetica, sans-serif; font-size: 14pt;\">El pleito lleg\u00f3 hasta la Suprema Corte de Justicia de la Naci\u00f3n, donde todav\u00eda trabaja la vieja guardia de ministros, y decidi\u00f3 empatar, luego de que tanto el INE como el Tribunal Electoral se mantienen al margen de la petici\u00f3n del violentador.<\/span><\/p>\n<p><span style=\"font-family: arial, helvetica, sans-serif; font-size: 14pt;\">Lo que en realidad sucedi\u00f3 en una conferencia telef\u00f3nica entre el chamaco y Edmundo Jacobo, entonces secretario t\u00e9cnico del INE, fue lo siguiente: \u201cNo voy a mentir, eh, y te voy a decir c\u00f3mo hablaba ese cabr\u00f3n. Hubo uno que me dec\u00eda:\u00a0\u2018Yo jefe gran naci\u00f3n chichimeca, vengo Guanajuato, yo decir a ti o diputados para nosotros o yo no permitir tus elecciones\u2019\u201d, se\u00f1alo el traidor a la Patria.<\/span><\/p>\n<p><span style=\"font-family: arial, helvetica, sans-serif; font-size: 14pt;\">Los ministros de derecha y de dudosa reputaci\u00f3n, Javier Laynez Potisek y Alberto P\u00e9rez Day\u00e1n votaron a favor de conceder el amparo, bajo el argumento de que la inclusi\u00f3n del nombre de C\u00f3rdova carece de relevancia p\u00fablica suficiente, se omite el contexto completo del incidente y afecta su derecho al honor.<\/span><\/p>\n<p><span style=\"font-family: arial, helvetica, sans-serif; font-size: 14pt;\">Sin embargo, las ministras Lenia Batres Guadarrama y Yasm\u00edn Esquivel Mossa se opusieron y argumentaron el derecho a la informaci\u00f3n y a la educaci\u00f3n contra la discriminaci\u00f3n de ni\u00f1as y ni\u00f1os mexicanos.<\/span><\/p>\n<p><span style=\"font-family: arial, helvetica, sans-serif; font-size: 14pt;\">C\u00f3rdova interpuso un amparo contra su menci\u00f3n en un libro de la SEP, argumentando que se\u00a0vulnera su derecho al honor, a la reputaci\u00f3n y a la presunci\u00f3n de inocencia, adem\u00e1s de basarse en una grabaci\u00f3n obtenida il\u00edcitamente.<\/span><\/p>\n<p><span style=\"font-family: arial, helvetica, sans-serif; font-size: 14pt;\">Una jueza federal le otorg\u00f3 inicialmente el amparo, pero la SEP impugn\u00f3 la decisi\u00f3n.<\/span><\/p>\n<p><span style=\"font-family: arial, helvetica, sans-serif; font-size: 14pt;\">La simple pol\u00e9mica legal marca el nombre de este fugaz enemigo de las ra\u00edces del pueblo de M\u00e9xico, que debi\u00f3 ser sancionado de manera m\u00e1s estricta, luego de otorgar triunfos electorales a quienes hab\u00edan perdido en las urnas, autorizado multas millonarias a partidos con los que no compart\u00eda ideas y descalificaciones a las organizaciones que, a su criterio e ideolog\u00eda, no deber\u00edan existir.<\/span><\/p>\n<p><span style=\"font-family: arial, helvetica, sans-serif; font-size: 14pt;\">Ante el empate de dos votos a favor y dos en contra, la resoluci\u00f3n qued\u00f3 en suspenso, se deber\u00e1 convocar en una pr\u00f3xima sesi\u00f3n, a un ministro o ministra para desempatar, posiblemente en agosto, que ser\u00e1n de las \u00faltimas sesiones que tendr\u00e1 la actual conformaci\u00f3n de la Corte, porque en septiembre llega a presidirla, Hugo Aguilar Ortiz, quien fungi\u00f3 como subsecretario de Derechos Ind\u00edgenas en Oaxaca y coordinador General de Derechos Ind\u00edgenas en el\u00a0Instituto Nacional de los Pueblos Ind\u00edgenas, quien ha centrado su labor en la defensa de los derechos de los pueblos originarios.<\/span><\/p>\n<p><span style=\"font-family: arial, helvetica, sans-serif; font-size: 14pt;\">Aguilar Ortiz estudi\u00f3 una maestr\u00eda en\u00a0Derecho Constitucional por la Facultad de Derecho y Ciencias Sociales de la Universidad Aut\u00f3noma Benito Ju\u00e1rez de Oaxaca.<\/span><\/p>\n<p><span style=\"font-family: arial, helvetica, sans-serif; font-size: 14pt;\">Entre sus propuestas para la Corte destaca esta: \u201cInclusi\u00f3n de la visi\u00f3n ind\u00edgena en la impartici\u00f3n de justicia\u201d.<\/span><\/p>\n<p><span style=\"font-family: arial, helvetica, sans-serif; font-size: 14pt;\">Por mucho tiempo el resultado de las elecciones estuvo en manos de Lorenzo, las alteraciones a las votaciones ya no pueden corregirse pero puede se\u00f1alarse a los destructores de la democracia. Es c\u00f3mplice de fraudes electorales y de sabotear partidos de izquierda.<\/span><\/p>\n<p><span style=\"font-family: arial, helvetica, sans-serif; font-size: 14pt;\"><strong>PEGA Y CORRE.-<\/strong> El INE impuso a los partidos pol\u00edticos multas por 32 millones de pesos por irregularidades en el manejo de sus recursos, espec\u00edficamente por no cumplir con sus obligaciones fiscales, se determin\u00f3 que las organizaciones pol\u00edticas con mayores multas fueron el PT,\u00a0con 13 millones 369 mil 778 pesos; seguido por el\u00a0PRI\u00a0con 12 millones 030 mil 778 pesos. Luego el PAN con 4 millones 078 mil 116 pesos y el Partido Verde, con 283 mil 150 pesos, Movimiento Ciudadano\u00a0recibi\u00f3 una sanci\u00f3n de 11 mil 411 pesos, mientras que el ya extinto PRD tuvo una multa de seis mil 224 pesos. Morena tuvo que pagar\u00a0dos mil 074 pesos\u2026Esta columna se publica los lunes, mi\u00e9rcoles y viernes.<\/span><\/p>\n<p><img data-recalc-dims=\"1\" loading=\"lazy\" decoding=\"async\" class=\"aligncenter size-full wp-image-66111\" src=\"https:\/\/i0.wp.com\/politicosaldesnudo.com.mx\/wp-content\/uploads\/2025\/07\/FIRMA-EDITORIAL-PD.jpg?resize=800%2C98&#038;ssl=1\" alt=\"\" width=\"800\" height=\"98\" srcset=\"https:\/\/i0.wp.com\/politicosaldesnudo.com.mx\/wp-content\/uploads\/2025\/07\/FIRMA-EDITORIAL-PD.jpg?w=1024&amp;ssl=1 1024w, https:\/\/i0.wp.com\/politicosaldesnudo.com.mx\/wp-content\/uploads\/2025\/07\/FIRMA-EDITORIAL-PD.jpg?resize=300%2C37&amp;ssl=1 300w, https:\/\/i0.wp.com\/politicosaldesnudo.com.mx\/wp-content\/uploads\/2025\/07\/FIRMA-EDITORIAL-PD.jpg?resize=768%2C94&amp;ssl=1 768w\" sizes=\"auto, (max-width: 800px) 100vw, 800px\" \/><\/p>\n","protected":false},"excerpt":{"rendered":"<p>ALMA GRANDE Por \u00c1ngel \u00c1lvaro Pe\u00f1a Lorenzo C\u00f3rdova Vianello, pas\u00f3 de ser el zar de las elecciones a generador de<\/p>\n","protected":false},"author":4,"featured_media":65965,"comment_status":"closed","ping_status":"closed","sticky":false,"template":"","format":"standard","meta":{"colormag_page_container_layout":"default_layout","colormag_page_sidebar_layout":"default_layout","_jetpack_memberships_contains_paid_content":false,"footnotes":"","jetpack_publicize_message":"","jetpack_publicize_feature_enabled":true,"jetpack_social_post_already_shared":true,"jetpack_social_options":{"image_generator_settings":{"template":"highway","default_image_id":0,"font":"","enabled":false},"version":2}},"categories":[26],"tags":[],"class_list":["post-66200","post","type-post","status-publish","format-standard","has-post-thumbnail","hentry","category-columnistas"],"jetpack_publicize_connections":[],"jetpack_featured_media_url":"https:\/\/i0.wp.com\/politicosaldesnudo.com.mx\/wp-content\/uploads\/2025\/06\/BANNER-LOPEZ-DORIGA-DIGITAL-5.jpg?fit=800%2C445&ssl=1","jetpack-related-posts":[],"jetpack_sharing_enabled":true,"_links":{"self":[{"href":"https:\/\/politicosaldesnudo.com.mx\/index.php\/wp-json\/wp\/v2\/posts\/66200","targetHints":{"allow":["GET"]}}],"collection":[{"href":"https:\/\/politicosaldesnudo.com.mx\/index.php\/wp-json\/wp\/v2\/posts"}],"about":[{"href":"https:\/\/politicosaldesnudo.com.mx\/index.php\/wp-json\/wp\/v2\/types\/post"}],"author":[{"embeddable":true,"href":"https:\/\/politicosaldesnudo.com.mx\/index.php\/wp-json\/wp\/v2\/users\/4"}],"replies":[{"embeddable":true,"href":"https:\/\/politicosaldesnudo.com.mx\/index.php\/wp-json\/wp\/v2\/comments?post=66200"}],"version-history":[{"count":0,"href":"https:\/\/politicosaldesnudo.com.mx\/index.php\/wp-json\/wp\/v2\/posts\/66200\/revisions"}],"wp:featuredmedia":[{"embeddable":true,"href":"https:\/\/politicosaldesnudo.com.mx\/index.php\/wp-json\/wp\/v2\/media\/65965"}],"wp:attachment":[{"href":"https:\/\/politicosaldesnudo.com.mx\/index.php\/wp-json\/wp\/v2\/media?parent=66200"}],"wp:term":[{"taxonomy":"category","embeddable":true,"href":"https:\/\/politicosaldesnudo.com.mx\/index.php\/wp-json\/wp\/v2\/categories?post=66200"},{"taxonomy":"post_tag","embeddable":true,"href":"https:\/\/politicosaldesnudo.com.mx\/index.php\/wp-json\/wp\/v2\/tags?post=66200"}],"curies":[{"name":"wp","href":"https:\/\/api.w.org\/{rel}","templated":true}]}}