{"id":66204,"date":"2025-07-05T00:01:57","date_gmt":"2025-07-05T06:01:57","guid":{"rendered":"https:\/\/politicosaldesnudo.com.mx\/?p=66204"},"modified":"2025-07-04T20:01:33","modified_gmt":"2025-07-05T02:01:33","slug":"motociclistas-buscan-regularizarse","status":"publish","type":"post","link":"https:\/\/politicosaldesnudo.com.mx\/index.php\/2025\/07\/05\/motociclistas-buscan-regularizarse\/","title":{"rendered":"Motociclistas buscan regularizarse"},"content":{"rendered":"<p>Desde el inicio del programa de ordenamiento vehicular exclusivo para motocicletas, implementado por la Secretar\u00eda de Finanzas y Planeaci\u00f3n (Sefiplan) del estado de Veracruz, la oficina de Hacienda del Estado en Tuxpan ha registrado una notable afluencia de personas, propietarios de motocicletas que buscan ponerse al corriente con sus documentos y aprovechar los beneficios del programa.<\/p>\n<p>El tr\u00e1mite, que est\u00e1 vigente desde el pasado 23 de junio y hasta el pr\u00f3ximo mes de diciembre, ha generado largas filas desde tempranas horas del d\u00eda, ya que por un costo de 980 pesos se puede realizar el canje de placas y regularizaci\u00f3n de motocicletas sin recargos ni sanciones, siempre y cuando el pago se haya efectuado antes del 1 de enero de este a\u00f1o.<\/p>\n<p>De acuerdo con personal de la dependencia, muchos propietarios han acudido con la documentaci\u00f3n correspondiente para aprovechar los descuentos, particularmente quienes ya hab\u00edan cubierto el monto entre el 1 de enero y el 20 de junio, pues en esos casos el tr\u00e1mite no tiene costo alguno.<\/p>\n<p>Para unidades nuevas tambi\u00e9n se aplica un descuento significativo, al pasar de 1,440 a 980 pesos. Las autoridades han exhortado a los ciudadanos a realizar sus tr\u00e1mites con anticipaci\u00f3n para evitar aglomeraciones y posibles contratiempos conforme se acerque el cierre del programa.<\/p>\n","protected":false},"excerpt":{"rendered":"<p>Desde el inicio del programa de ordenamiento vehicular exclusivo para motocicletas, implementado por la Secretar\u00eda de Finanzas y Planeaci\u00f3n (Sefiplan)<\/p>\n","protected":false},"author":4,"featured_media":66205,"comment_status":"closed","ping_status":"closed","sticky":false,"template":"","format":"standard","meta":{"colormag_page_container_layout":"default_layout","colormag_page_sidebar_layout":"default_layout","_jetpack_memberships_contains_paid_content":false,"footnotes":"","jetpack_publicize_message":"","jetpack_publicize_feature_enabled":true,"jetpack_social_post_already_shared":true,"jetpack_social_options":{"image_generator_settings":{"template":"highway","default_image_id":0,"font":"","enabled":false},"version":2}},"categories":[1082],"tags":[],"class_list":["post-66204","post","type-post","status-publish","format-standard","has-post-thumbnail","hentry","category-tuxpan"],"jetpack_publicize_connections":[],"jetpack_featured_media_url":"https:\/\/i0.wp.com\/politicosaldesnudo.com.mx\/wp-content\/uploads\/2025\/07\/MOT.jpg?fit=1200%2C998&ssl=1","jetpack-related-posts":[],"jetpack_sharing_enabled":true,"_links":{"self":[{"href":"https:\/\/politicosaldesnudo.com.mx\/index.php\/wp-json\/wp\/v2\/posts\/66204","targetHints":{"allow":["GET"]}}],"collection":[{"href":"https:\/\/politicosaldesnudo.com.mx\/index.php\/wp-json\/wp\/v2\/posts"}],"about":[{"href":"https:\/\/politicosaldesnudo.com.mx\/index.php\/wp-json\/wp\/v2\/types\/post"}],"author":[{"embeddable":true,"href":"https:\/\/politicosaldesnudo.com.mx\/index.php\/wp-json\/wp\/v2\/users\/4"}],"replies":[{"embeddable":true,"href":"https:\/\/politicosaldesnudo.com.mx\/index.php\/wp-json\/wp\/v2\/comments?post=66204"}],"version-history":[{"count":0,"href":"https:\/\/politicosaldesnudo.com.mx\/index.php\/wp-json\/wp\/v2\/posts\/66204\/revisions"}],"wp:featuredmedia":[{"embeddable":true,"href":"https:\/\/politicosaldesnudo.com.mx\/index.php\/wp-json\/wp\/v2\/media\/66205"}],"wp:attachment":[{"href":"https:\/\/politicosaldesnudo.com.mx\/index.php\/wp-json\/wp\/v2\/media?parent=66204"}],"wp:term":[{"taxonomy":"category","embeddable":true,"href":"https:\/\/politicosaldesnudo.com.mx\/index.php\/wp-json\/wp\/v2\/categories?post=66204"},{"taxonomy":"post_tag","embeddable":true,"href":"https:\/\/politicosaldesnudo.com.mx\/index.php\/wp-json\/wp\/v2\/tags?post=66204"}],"curies":[{"name":"wp","href":"https:\/\/api.w.org\/{rel}","templated":true}]}}