{"id":66207,"date":"2025-07-05T00:02:47","date_gmt":"2025-07-05T06:02:47","guid":{"rendered":"https:\/\/politicosaldesnudo.com.mx\/?p=66207"},"modified":"2025-07-04T20:02:26","modified_gmt":"2025-07-05T02:02:26","slug":"alerta-por-gusano-barrenador","status":"publish","type":"post","link":"https:\/\/politicosaldesnudo.com.mx\/index.php\/2025\/07\/05\/alerta-por-gusano-barrenador\/","title":{"rendered":"Alerta por gusano barrenador"},"content":{"rendered":"<p>Luego de que se confirmara un caso de gusano barrenador en carne contaminada en el municipio de Minatitl\u00e1n, al sur de Veracruz, autoridades agropecuarias han reforzado acciones de vigilancia y prevenci\u00f3n en la zona norte del estado, donde hasta el momento no se ha registrado ning\u00fan caso de esta plaga, considerada de alto riesgo tanto para el ganado como para los humanos, en los que se han reportado m\u00e1s de 30 casos en los \u00faltimos d\u00edas.<\/p>\n<p>Adri\u00e1n Antonio Ch\u00e1vez Rodr\u00edguez, de la Direcci\u00f3n de Fomento Agropecuario, explic\u00f3 que, aunque el caso registrado no fue en ganado vivo, se mantiene una alerta activa en toda la entidad, especialmente en los puntos de entrada de ganado procedente de regiones del sur del pa\u00eds y Centroam\u00e9rica. En este sentido, destac\u00f3 que se han reactivado las casetas de vigilancia zoosanitaria, apoyadas incluso con binomios caninos capaces de detectar animales lesionados con presencia de larvas.<\/p>\n<p>\u201cEstamos trabajando de la mano con los ganaderos de Tuxpan y la regi\u00f3n, brind\u00e1ndoles talleres, orientaci\u00f3n y kits de atenci\u00f3n para heridas en animales, as\u00ed como hojas de reporte para que puedan alertar cualquier anomal\u00eda\u201d, se\u00f1al\u00f3. Ch\u00e1vez Rodr\u00edguez enfatiz\u00f3 que el gusano barrenador representa un riesgo especialmente en heridas abiertas no tratadas, tanto en animales como en personas sin acceso a atenci\u00f3n m\u00e9dica o higiene b\u00e1sica.<\/p>\n<p>Finalmente, pidi\u00f3 a la poblaci\u00f3n y productores estar atentos ante cualquier s\u00edntoma sospechoso y reportarlo inmediatamente a la Direcci\u00f3n de Desarrollo Agropecuario o al Comit\u00e9 de Fomento y Protecci\u00f3n Pecuaria del Estado, a fin de contener cualquier posible brote y proteger la sanidad del hato ganadero del norte veracruzano.<\/p>\n","protected":false},"excerpt":{"rendered":"<p>Luego de que se confirmara un caso de gusano barrenador en carne contaminada en el municipio de Minatitl\u00e1n, al sur<\/p>\n","protected":false},"author":4,"featured_media":66208,"comment_status":"closed","ping_status":"closed","sticky":false,"template":"","format":"standard","meta":{"colormag_page_container_layout":"default_layout","colormag_page_sidebar_layout":"default_layout","_jetpack_memberships_contains_paid_content":false,"footnotes":"","jetpack_publicize_message":"","jetpack_publicize_feature_enabled":true,"jetpack_social_post_already_shared":true,"jetpack_social_options":{"image_generator_settings":{"template":"highway","default_image_id":0,"font":"","enabled":false},"version":2}},"categories":[1082],"tags":[],"class_list":["post-66207","post","type-post","status-publish","format-standard","has-post-thumbnail","hentry","category-tuxpan"],"jetpack_publicize_connections":[],"jetpack_featured_media_url":"https:\/\/i0.wp.com\/politicosaldesnudo.com.mx\/wp-content\/uploads\/2025\/07\/GUS.jpg?fit=1008%2C811&ssl=1","jetpack-related-posts":[],"jetpack_sharing_enabled":true,"_links":{"self":[{"href":"https:\/\/politicosaldesnudo.com.mx\/index.php\/wp-json\/wp\/v2\/posts\/66207","targetHints":{"allow":["GET"]}}],"collection":[{"href":"https:\/\/politicosaldesnudo.com.mx\/index.php\/wp-json\/wp\/v2\/posts"}],"about":[{"href":"https:\/\/politicosaldesnudo.com.mx\/index.php\/wp-json\/wp\/v2\/types\/post"}],"author":[{"embeddable":true,"href":"https:\/\/politicosaldesnudo.com.mx\/index.php\/wp-json\/wp\/v2\/users\/4"}],"replies":[{"embeddable":true,"href":"https:\/\/politicosaldesnudo.com.mx\/index.php\/wp-json\/wp\/v2\/comments?post=66207"}],"version-history":[{"count":0,"href":"https:\/\/politicosaldesnudo.com.mx\/index.php\/wp-json\/wp\/v2\/posts\/66207\/revisions"}],"wp:featuredmedia":[{"embeddable":true,"href":"https:\/\/politicosaldesnudo.com.mx\/index.php\/wp-json\/wp\/v2\/media\/66208"}],"wp:attachment":[{"href":"https:\/\/politicosaldesnudo.com.mx\/index.php\/wp-json\/wp\/v2\/media?parent=66207"}],"wp:term":[{"taxonomy":"category","embeddable":true,"href":"https:\/\/politicosaldesnudo.com.mx\/index.php\/wp-json\/wp\/v2\/categories?post=66207"},{"taxonomy":"post_tag","embeddable":true,"href":"https:\/\/politicosaldesnudo.com.mx\/index.php\/wp-json\/wp\/v2\/tags?post=66207"}],"curies":[{"name":"wp","href":"https:\/\/api.w.org\/{rel}","templated":true}]}}