{"id":66210,"date":"2025-07-05T00:03:44","date_gmt":"2025-07-05T06:03:44","guid":{"rendered":"https:\/\/politicosaldesnudo.com.mx\/?p=66210"},"modified":"2025-07-05T00:18:17","modified_gmt":"2025-07-05T06:18:17","slug":"celebran-identidad-y-riqueza-cultural","status":"publish","type":"post","link":"https:\/\/politicosaldesnudo.com.mx\/index.php\/2025\/07\/05\/celebran-identidad-y-riqueza-cultural\/","title":{"rendered":"Celebran identidad y riqueza cultural"},"content":{"rendered":"<p>M\u00e1s de 200 representantes culturales de seis estados del pa\u00eds se dar\u00e1n cita en el Primer Festival de las Huastecas en Tuxpan, evento que promete ser una aut\u00e9ntica celebraci\u00f3n de la identidad y riqueza cultural de esta emblem\u00e1tica regi\u00f3n de M\u00e9xico.<\/p>\n<p>Jos\u00e9 Luis Garc\u00eda Mireles, director de la Casa de Cultura Dra. Pilar Mar G\u00f3mez, inform\u00f3 que el festival arrancar\u00e1 con un desfile multicolor que partir\u00e1 del puente Tenechaco hacia la plaza c\u00edvica, donde se realizar\u00e1 el acto protocolario a las 18:00 horas. All\u00ed, las delegaciones de Veracruz, Puebla, Quer\u00e9taro, San Luis Potos\u00ed, Hidalgo y Tamaulipas presentar\u00e1n bailes tradicionales, m\u00fasica en vivo y vestuarios t\u00edpicos que reflejan la diversidad de estilos, pasos e indumentaria de cada estado.<\/p>\n<p>Adem\u00e1s, se instalar\u00e1 un corredor artesanal con expositores de varias entidades huastecas, incluyendo piezas de Tamaulipas, Hidalgo, Puebla y productos locales de Tuxpan. \u201cQueremos promover, difundir y fortalecer nuestras tradiciones; que la gente se sienta orgullosa de su cultura\u201d, enfatiz\u00f3 Garc\u00eda Mireles.<\/p>\n<p>El evento es organizado por la Direcci\u00f3n de Cultura Municipal y la Casa de Cultura local y aunque no forma parte de un proyecto federal como el Festival de las Huastecas realizado en 2005, se espera que siente las bases para futuras ediciones m\u00e1s amplias, con talleres, gastronom\u00eda y otros elementos. La invitaci\u00f3n est\u00e1 abierta a toda la ciudadan\u00eda para que disfruten de un espect\u00e1culo de primer nivel y descubran la riqueza cultural de la Huasteca en\u00a0un\u00a0solo\u00a0lugar.<\/p>\n","protected":false},"excerpt":{"rendered":"<p>M\u00e1s de 200 representantes culturales de seis estados del pa\u00eds se dar\u00e1n cita en el Primer Festival de las Huastecas<\/p>\n","protected":false},"author":4,"featured_media":66211,"comment_status":"closed","ping_status":"closed","sticky":false,"template":"","format":"standard","meta":{"colormag_page_container_layout":"default_layout","colormag_page_sidebar_layout":"default_layout","_jetpack_memberships_contains_paid_content":false,"footnotes":"","jetpack_publicize_message":"","jetpack_publicize_feature_enabled":true,"jetpack_social_post_already_shared":true,"jetpack_social_options":{"image_generator_settings":{"template":"highway","default_image_id":0,"font":"","enabled":false},"version":2}},"categories":[1082],"tags":[],"class_list":["post-66210","post","type-post","status-publish","format-standard","has-post-thumbnail","hentry","category-tuxpan"],"jetpack_publicize_connections":[],"jetpack_featured_media_url":"https:\/\/i0.wp.com\/politicosaldesnudo.com.mx\/wp-content\/uploads\/2025\/07\/BAI.jpg?fit=1200%2C675&ssl=1","jetpack-related-posts":[],"jetpack_sharing_enabled":true,"_links":{"self":[{"href":"https:\/\/politicosaldesnudo.com.mx\/index.php\/wp-json\/wp\/v2\/posts\/66210","targetHints":{"allow":["GET"]}}],"collection":[{"href":"https:\/\/politicosaldesnudo.com.mx\/index.php\/wp-json\/wp\/v2\/posts"}],"about":[{"href":"https:\/\/politicosaldesnudo.com.mx\/index.php\/wp-json\/wp\/v2\/types\/post"}],"author":[{"embeddable":true,"href":"https:\/\/politicosaldesnudo.com.mx\/index.php\/wp-json\/wp\/v2\/users\/4"}],"replies":[{"embeddable":true,"href":"https:\/\/politicosaldesnudo.com.mx\/index.php\/wp-json\/wp\/v2\/comments?post=66210"}],"version-history":[{"count":0,"href":"https:\/\/politicosaldesnudo.com.mx\/index.php\/wp-json\/wp\/v2\/posts\/66210\/revisions"}],"wp:featuredmedia":[{"embeddable":true,"href":"https:\/\/politicosaldesnudo.com.mx\/index.php\/wp-json\/wp\/v2\/media\/66211"}],"wp:attachment":[{"href":"https:\/\/politicosaldesnudo.com.mx\/index.php\/wp-json\/wp\/v2\/media?parent=66210"}],"wp:term":[{"taxonomy":"category","embeddable":true,"href":"https:\/\/politicosaldesnudo.com.mx\/index.php\/wp-json\/wp\/v2\/categories?post=66210"},{"taxonomy":"post_tag","embeddable":true,"href":"https:\/\/politicosaldesnudo.com.mx\/index.php\/wp-json\/wp\/v2\/tags?post=66210"}],"curies":[{"name":"wp","href":"https:\/\/api.w.org\/{rel}","templated":true}]}}