{"id":66213,"date":"2025-07-05T00:04:26","date_gmt":"2025-07-05T06:04:26","guid":{"rendered":"https:\/\/politicosaldesnudo.com.mx\/?p=66213"},"modified":"2025-07-05T00:18:36","modified_gmt":"2025-07-05T06:18:36","slug":"limpian-playa","status":"publish","type":"post","link":"https:\/\/politicosaldesnudo.com.mx\/index.php\/2025\/07\/05\/limpian-playa\/","title":{"rendered":"Limpian playa"},"content":{"rendered":"<p>Una importante jornada de limpieza se llev\u00f3 a cabo este jueves en las playas, respondiendo a la gran acumulaci\u00f3n de residuos como PET, vidrio y palizada arrastrados a la orilla por las recientes lluvias.<\/p>\n<p>La iniciativa, que es fundamental para la recuperaci\u00f3n del litoral, fue el resultado de un esfuerzo conjunto que destaca el compromiso c\u00edvico y ambiental de la comunidad.<\/p>\n<p>La acci\u00f3n fue posible gracias a la coordinaci\u00f3n entre la regidora cuarta Anah\u00ed Aguilar L\u00f3pez, la Coordinaci\u00f3n de Medio Ambiente del municipio y el invaluable apoyo del personal de un restaurante de la zona de playa.<\/p>\n<p>La edil mencion\u00f3 que la colaboraci\u00f3n de estos actores ha sido crucial para abordar la magnitud de los desechos, demostrando que la uni\u00f3n de fuerzas puede generar un impacto significativo en la preservaci\u00f3n de nuestros espacios naturales.<\/p>\n<p>\u00abAgradezco profundamente la colaboraci\u00f3n de quienes participaron, porque mantener limpias nuestras playas no solo es una responsabilidad ambiental, sino tambi\u00e9n un compromiso con el turismo, la salud y el futuro de Tuxpan\u00bb, expres\u00f3 Aguilar L\u00f3pez.<\/p>\n<p>La jornada no solo contribuye a la mejora est\u00e9tica de las playas, sino que tambi\u00e9n protege la fauna marina y garantiza un entorno m\u00e1s seguro y atractivo tanto para los residentes como para los visitantes.<\/p>\n","protected":false},"excerpt":{"rendered":"<p>Una importante jornada de limpieza se llev\u00f3 a cabo este jueves en las playas, respondiendo a la gran acumulaci\u00f3n de<\/p>\n","protected":false},"author":4,"featured_media":66214,"comment_status":"closed","ping_status":"closed","sticky":false,"template":"","format":"standard","meta":{"colormag_page_container_layout":"default_layout","colormag_page_sidebar_layout":"default_layout","_jetpack_memberships_contains_paid_content":false,"footnotes":"","jetpack_publicize_message":"","jetpack_publicize_feature_enabled":true,"jetpack_social_post_already_shared":true,"jetpack_social_options":{"image_generator_settings":{"template":"highway","default_image_id":0,"font":"","enabled":false},"version":2}},"categories":[1082],"tags":[],"class_list":["post-66213","post","type-post","status-publish","format-standard","has-post-thumbnail","hentry","category-tuxpan"],"jetpack_publicize_connections":[],"jetpack_featured_media_url":"https:\/\/i0.wp.com\/politicosaldesnudo.com.mx\/wp-content\/uploads\/2025\/07\/play.jpg?fit=1040%2C585&ssl=1","jetpack-related-posts":[],"jetpack_sharing_enabled":true,"_links":{"self":[{"href":"https:\/\/politicosaldesnudo.com.mx\/index.php\/wp-json\/wp\/v2\/posts\/66213","targetHints":{"allow":["GET"]}}],"collection":[{"href":"https:\/\/politicosaldesnudo.com.mx\/index.php\/wp-json\/wp\/v2\/posts"}],"about":[{"href":"https:\/\/politicosaldesnudo.com.mx\/index.php\/wp-json\/wp\/v2\/types\/post"}],"author":[{"embeddable":true,"href":"https:\/\/politicosaldesnudo.com.mx\/index.php\/wp-json\/wp\/v2\/users\/4"}],"replies":[{"embeddable":true,"href":"https:\/\/politicosaldesnudo.com.mx\/index.php\/wp-json\/wp\/v2\/comments?post=66213"}],"version-history":[{"count":0,"href":"https:\/\/politicosaldesnudo.com.mx\/index.php\/wp-json\/wp\/v2\/posts\/66213\/revisions"}],"wp:featuredmedia":[{"embeddable":true,"href":"https:\/\/politicosaldesnudo.com.mx\/index.php\/wp-json\/wp\/v2\/media\/66214"}],"wp:attachment":[{"href":"https:\/\/politicosaldesnudo.com.mx\/index.php\/wp-json\/wp\/v2\/media?parent=66213"}],"wp:term":[{"taxonomy":"category","embeddable":true,"href":"https:\/\/politicosaldesnudo.com.mx\/index.php\/wp-json\/wp\/v2\/categories?post=66213"},{"taxonomy":"post_tag","embeddable":true,"href":"https:\/\/politicosaldesnudo.com.mx\/index.php\/wp-json\/wp\/v2\/tags?post=66213"}],"curies":[{"name":"wp","href":"https:\/\/api.w.org\/{rel}","templated":true}]}}