{"id":66216,"date":"2025-07-05T00:05:41","date_gmt":"2025-07-05T06:05:41","guid":{"rendered":"https:\/\/politicosaldesnudo.com.mx\/?p=66216"},"modified":"2025-07-04T20:45:00","modified_gmt":"2025-07-05T02:45:00","slug":"actual-scjn-concluira-con-saldo-muy-duro-en-contra-de-comunidades-indigenas-batres","status":"publish","type":"post","link":"https:\/\/politicosaldesnudo.com.mx\/index.php\/2025\/07\/05\/actual-scjn-concluira-con-saldo-muy-duro-en-contra-de-comunidades-indigenas-batres\/","title":{"rendered":"Actual SCJN concluir\u00e1 con saldo &#8216;muy duro&#8217; en contra de comunidades ind\u00edgenas: Batres"},"content":{"rendered":"<p class=\"nota-justify\">La actual integraci\u00f3n de la Suprema Corte de Justicia de la Naci\u00f3n (SCJN) concluir\u00e1 con un saldo negativo y \u201cmuy duro\u201d en contra de las comunidades ind\u00edgenas, pues de las 56 leyes que invalid\u00f3 a trav\u00e9s de acciones de inconstitucionalidad 55 fueron en contra de los pueblos originarios de M\u00e9xico, acus\u00f3 este viernes la ministra Lenia Batres Guadarrama.<\/p>\n<p class=\"nota-justify\">Durante la presentaci\u00f3n del documental sobre la comunidad ind\u00edgena Cresencio Morales, la togada llam\u00f3 a no normalizar este patr\u00f3n y advirti\u00f3 que el gran reto de la pr\u00f3xima Corte -que tomar\u00e1 posesi\u00f3n el 1 de septiembre- ser\u00e1 garantizar que los derechos constitucionales de los pueblos originarios no sigan siendo letra muerta.<\/p>\n<p class=\"nota-justify\">\u201cSon 56 leyes invalidadas en esta Suprema Corte, de las cuales 55 fueron invalidadas en contra de comunidades ind\u00edgenas, alegando el derecho de las comunidades ind\u00edgenas a ser consultadas. No se vale. No es posible. No puede seguir sucediendo. No podemos dejar que siga pasando\u201d, dijo en la sede del m\u00e1ximo tribunal del pa\u00eds.<\/p>\n<p class=\"nota-justify\">Enfatiz\u00f3 que las comunidades ind\u00edgenas requieren un apoyo muy importante del pa\u00eds, no solo en t\u00e9rminos gubernamentales sino en reconocimiento jur\u00eddico y constitucional, \u00abque ya se hizo, y por lo tanto jurisdiccional\u00bb.<\/p>\n<p class=\"nota-justify\">Batres encabez\u00f3 la presentaci\u00f3n del documental \u201cZazhi Ni M\u00fab\u00fa, es fuerte tu coraz\u00f3n\u201d, que narra la lucha jur\u00eddica de la comunidad mazahua de Crescencio Morales, Michoac\u00e1n, por defender su derecho a ejercer presupuesto p\u00fablico en beneficio de sus habitantes.<\/p>\n<p class=\"nota-justify\">El documental, realizado por la ponencia de la abogada junto con la comunidad de Crescencio Morales, relata el caso analizado en la Corte sobre la controversia constitucional 17\/2022, en la que Zit\u00e1cuaro impugn\u00f3 leyes de Michoac\u00e1n que permiten a pueblos ind\u00edgenas administrar recursos p\u00fablicos para obras y servicios comunitarios.<\/p>\n<p class=\"nota-justify\">El asunto comenz\u00f3 a discutirse en la SCJN en abril de 2023. El ministro Javier Laynez propuso invalidar las leyes por falta de consulta ind\u00edgena, pero su proyecto fue rechazado. Se pidi\u00f3 uno nuevo para revisar otros posibles motivos de inconstitucionalidad.<\/p>\n<p class=\"nota-justify\">En ese nuevo proyecto, ya circulado, Laynez vuelve a proponer la invalidez, ahora porque las leyes afectar\u00edan las facultades presupuestales municipales. La discusi\u00f3n est\u00e1 programada para el 15 de julio.<\/p>\n<p class=\"nota-justify\">Tras ver el documental, el l\u00edder comunitario Silvestre Ch\u00e1vez dijo que seguir\u00e1n luchando para conservar sus derechos y obras sociales financiadas con recursos p\u00fablicos.<\/p>\n<p class=\"nota-justify\">El abogado Orlando Arag\u00f3n, del Colectivo Emancipaciones, destac\u00f3 que la SCJN est\u00e1 por enfrentar una discusi\u00f3n hist\u00f3rica sobre la autonom\u00eda ind\u00edgena, y pidi\u00f3 a las y los ministros considerar el impacto social del caso.<\/p>\n","protected":false},"excerpt":{"rendered":"<p>La actual integraci\u00f3n de la Suprema Corte de Justicia de la Naci\u00f3n (SCJN) concluir\u00e1 con un saldo negativo y \u201cmuy<\/p>\n","protected":false},"author":4,"featured_media":66217,"comment_status":"closed","ping_status":"closed","sticky":false,"template":"","format":"standard","meta":{"colormag_page_container_layout":"default_layout","colormag_page_sidebar_layout":"default_layout","_jetpack_memberships_contains_paid_content":false,"footnotes":"","jetpack_publicize_message":"","jetpack_publicize_feature_enabled":true,"jetpack_social_post_already_shared":true,"jetpack_social_options":{"image_generator_settings":{"template":"highway","default_image_id":0,"font":"","enabled":false},"version":2}},"categories":[33],"tags":[],"class_list":["post-66216","post","type-post","status-publish","format-standard","has-post-thumbnail","hentry","category-nacional"],"jetpack_publicize_connections":[],"jetpack_featured_media_url":"https:\/\/i0.wp.com\/politicosaldesnudo.com.mx\/wp-content\/uploads\/2025\/07\/LNO.jpg?fit=755%2C524&ssl=1","jetpack-related-posts":[],"jetpack_sharing_enabled":true,"_links":{"self":[{"href":"https:\/\/politicosaldesnudo.com.mx\/index.php\/wp-json\/wp\/v2\/posts\/66216","targetHints":{"allow":["GET"]}}],"collection":[{"href":"https:\/\/politicosaldesnudo.com.mx\/index.php\/wp-json\/wp\/v2\/posts"}],"about":[{"href":"https:\/\/politicosaldesnudo.com.mx\/index.php\/wp-json\/wp\/v2\/types\/post"}],"author":[{"embeddable":true,"href":"https:\/\/politicosaldesnudo.com.mx\/index.php\/wp-json\/wp\/v2\/users\/4"}],"replies":[{"embeddable":true,"href":"https:\/\/politicosaldesnudo.com.mx\/index.php\/wp-json\/wp\/v2\/comments?post=66216"}],"version-history":[{"count":0,"href":"https:\/\/politicosaldesnudo.com.mx\/index.php\/wp-json\/wp\/v2\/posts\/66216\/revisions"}],"wp:featuredmedia":[{"embeddable":true,"href":"https:\/\/politicosaldesnudo.com.mx\/index.php\/wp-json\/wp\/v2\/media\/66217"}],"wp:attachment":[{"href":"https:\/\/politicosaldesnudo.com.mx\/index.php\/wp-json\/wp\/v2\/media?parent=66216"}],"wp:term":[{"taxonomy":"category","embeddable":true,"href":"https:\/\/politicosaldesnudo.com.mx\/index.php\/wp-json\/wp\/v2\/categories?post=66216"},{"taxonomy":"post_tag","embeddable":true,"href":"https:\/\/politicosaldesnudo.com.mx\/index.php\/wp-json\/wp\/v2\/tags?post=66216"}],"curies":[{"name":"wp","href":"https:\/\/api.w.org\/{rel}","templated":true}]}}