{"id":66264,"date":"2025-07-04T21:41:13","date_gmt":"2025-07-05T03:41:13","guid":{"rendered":"https:\/\/politicosaldesnudo.com.mx\/?p=66264"},"modified":"2025-07-04T21:41:13","modified_gmt":"2025-07-05T03:41:13","slug":"huerta-vs-ahued-la-disputa-por-xalapa","status":"publish","type":"post","link":"https:\/\/politicosaldesnudo.com.mx\/index.php\/2025\/07\/04\/huerta-vs-ahued-la-disputa-por-xalapa\/","title":{"rendered":"Huerta vs. Ahued: la disputa por Xalapa"},"content":{"rendered":"<p><em>\u201cQuiero morir siendo esclavo de los principios, no de los hombres.\u201d \u2013 Emiliano Zapata.<\/em><\/p>\n<p><strong>\u00a0<\/strong><\/p>\n<p><strong>En pol\u00edtica, las rencillas no siempre son ideol\u00f3gicas, muchas veces se tejen a partir de los afectos, las trayectorias y, por supuesto, el poder. As\u00ed se explica la creciente rivalidad entre el senador Manuel Huerta Ladr\u00f3n de Guevara y el secretario de Gobierno de Veracruz, Ricardo Ahued Bardauil.<\/strong><\/p>\n<p><strong>El m\u00e1s reciente cap\u00edtulo lo protagoniz\u00f3 Huerta, quien lanz\u00f3 cr\u00edticas directas contra la incapacidad del Gobierno Estatal para poner orden en Xalapa, epicentro del conflicto pol\u00edtico entre ambos personajes.<\/strong><\/p>\n<p><strong>Las declaraciones del tribuno no fueron menores: \u201csi no pueden poner orden ni en la capital, mucho menos en hechos como los de Tezonapan\u201d, sentenci\u00f3 al referirse a los disturbios del pasado fin de semana, cuando pobladores quemaron patrullas y casi linchan a dos elementos de Tr\u00e1nsito Municipal por presuntas extorsiones. Las palabras apuntaban con claridad hacia el c\u00edrculo cercano de Ahued, a quien responsabiliza del presunto desgobierno en la capital.<\/strong><\/p>\n<p><strong>Pero este desencuentro tiene ra\u00edces m\u00e1s profundas.<\/strong><\/p>\n<p><strong>Huerta ha sido dos veces diputado, adem\u00e1s de senador y delegado federal con una s\u00f3lida base militante en Xalapa. Su presencia en la ciudad es estructural, construida con a\u00f1os de lucha desde la oposici\u00f3n.<\/strong><\/p>\n<p><strong>Ahued, en cambio, ha sido alcalde en dos ocasiones \u2014una por el PRI, otra por Morena\u2014 pero siempre con el halo de \u201ccandidato ciudadano\u201d. Su carrera se ha edificado, en buena medida, al margen del partido, beneficiado por la v\u00eda del voto directo y el respaldo empresarial.<\/strong><\/p>\n<p><strong>El control pol\u00edtico de Xalapa es el centro de la disputa. Para Huerta, la capital debe ser gobernada por cuadros con arraigo social y vocaci\u00f3n de izquierda. Para Ahued, la gesti\u00f3n debe centrarse en la eficacia administrativa, alejada del ruido partidista. En el fondo, son dos visiones del poder que chocan: la del pol\u00edtico de base frente al t\u00e9cnico con respaldo empresarial.<\/strong><\/p>\n<p><strong>El conflicto tambi\u00e9n se adereza con los afectos de la actual gobernadora, Roc\u00edo Nahle Garc\u00eda, quien ha mostrado mayor cercan\u00eda con Ahued. En su visi\u00f3n, el empresario xalape\u00f1o representa una figura de conciliaci\u00f3n y gesti\u00f3n eficiente, mientras que Huerta carga con el estigma del radicalismo pol\u00edtico y la deslealtad evidenciada en su m\u00e1s reciente actuar, pues su presunta alianza con los integrantes del Clan Yunista lo alejan cada vez m\u00e1s del centro del poder pol\u00edtico veracruzano.<\/strong><\/p>\n<p><strong>Recientemente en entrevista radiof\u00f3nica la mandataria estatal fue clara y contundente, \u201cque cada quien se haga responsables de sus actuares y sus dichos\u201d, en alusi\u00f3n directa al papel y rol que ha venido desempe\u00f1ando el senador Huerta Ladr\u00f3n de Guevara, quien no se present\u00f3 al m\u00e1s reciente Consejo Pol\u00edtico de Morena en Veracruz, por la disputa que tiene con el tambi\u00e9n dirigente de ese partido, Esteban Ram\u00edrez Zepeta, quien abiertamente ha pedido su expulsi\u00f3n del partido.<\/strong><\/p>\n<p><strong>Queda claro que la disputa aparentemente la va ganando Ahued, pero no puede darse por sentado que ser\u00e1 el vencedor porque si de algo presume el senador morenista es de ser un saco de ma\u00f1as y argucias pol\u00edticas.<\/strong><\/p>\n<p><strong>La pelea no es menor. Se disputa no solo el liderazgo de Xalapa, sino el rumbo del proyecto de la Cuarta Transformaci\u00f3n en Veracruz. Lo que hoy parece un enfrentamiento de declaraciones, podr\u00eda escalar a una batalla por las candidaturas del futuro. En la pol\u00edtica veracruzana, nada se olvida y todo se cobra.<\/strong><\/p>\n<p><strong>\u00a0<\/strong><\/p>\n<p><strong>Al tiempo.<\/strong><\/p>\n<p><img data-recalc-dims=\"1\" loading=\"lazy\" decoding=\"async\" class=\"aligncenter size-full wp-image-66111\" src=\"https:\/\/i0.wp.com\/politicosaldesnudo.com.mx\/wp-content\/uploads\/2025\/07\/FIRMA-EDITORIAL-PD.jpg?resize=800%2C98&#038;ssl=1\" alt=\"\" width=\"800\" height=\"98\" srcset=\"https:\/\/i0.wp.com\/politicosaldesnudo.com.mx\/wp-content\/uploads\/2025\/07\/FIRMA-EDITORIAL-PD.jpg?w=1024&amp;ssl=1 1024w, https:\/\/i0.wp.com\/politicosaldesnudo.com.mx\/wp-content\/uploads\/2025\/07\/FIRMA-EDITORIAL-PD.jpg?resize=300%2C37&amp;ssl=1 300w, https:\/\/i0.wp.com\/politicosaldesnudo.com.mx\/wp-content\/uploads\/2025\/07\/FIRMA-EDITORIAL-PD.jpg?resize=768%2C94&amp;ssl=1 768w\" sizes=\"auto, (max-width: 800px) 100vw, 800px\" \/><\/p>\n","protected":false},"excerpt":{"rendered":"<p>\u201cQuiero morir siendo esclavo de los principios, no de los hombres.\u201d \u2013 Emiliano Zapata. \u00a0 En pol\u00edtica, las rencillas no<\/p>\n","protected":false},"author":4,"featured_media":36965,"comment_status":"closed","ping_status":"closed","sticky":false,"template":"","format":"standard","meta":{"colormag_page_container_layout":"default_layout","colormag_page_sidebar_layout":"default_layout","_jetpack_memberships_contains_paid_content":false,"footnotes":"","jetpack_publicize_message":"","jetpack_publicize_feature_enabled":true,"jetpack_social_post_already_shared":true,"jetpack_social_options":{"image_generator_settings":{"template":"highway","default_image_id":0,"font":"","enabled":false},"version":2}},"categories":[26],"tags":[],"class_list":["post-66264","post","type-post","status-publish","format-standard","has-post-thumbnail","hentry","category-columnistas"],"jetpack_publicize_connections":[],"jetpack_featured_media_url":"https:\/\/i0.wp.com\/politicosaldesnudo.com.mx\/wp-content\/uploads\/2024\/05\/LUIS-RAMIREZ-BAQUEIRO.jpg?fit=800%2C445&ssl=1","jetpack-related-posts":[],"jetpack_sharing_enabled":true,"_links":{"self":[{"href":"https:\/\/politicosaldesnudo.com.mx\/index.php\/wp-json\/wp\/v2\/posts\/66264","targetHints":{"allow":["GET"]}}],"collection":[{"href":"https:\/\/politicosaldesnudo.com.mx\/index.php\/wp-json\/wp\/v2\/posts"}],"about":[{"href":"https:\/\/politicosaldesnudo.com.mx\/index.php\/wp-json\/wp\/v2\/types\/post"}],"author":[{"embeddable":true,"href":"https:\/\/politicosaldesnudo.com.mx\/index.php\/wp-json\/wp\/v2\/users\/4"}],"replies":[{"embeddable":true,"href":"https:\/\/politicosaldesnudo.com.mx\/index.php\/wp-json\/wp\/v2\/comments?post=66264"}],"version-history":[{"count":0,"href":"https:\/\/politicosaldesnudo.com.mx\/index.php\/wp-json\/wp\/v2\/posts\/66264\/revisions"}],"wp:featuredmedia":[{"embeddable":true,"href":"https:\/\/politicosaldesnudo.com.mx\/index.php\/wp-json\/wp\/v2\/media\/36965"}],"wp:attachment":[{"href":"https:\/\/politicosaldesnudo.com.mx\/index.php\/wp-json\/wp\/v2\/media?parent=66264"}],"wp:term":[{"taxonomy":"category","embeddable":true,"href":"https:\/\/politicosaldesnudo.com.mx\/index.php\/wp-json\/wp\/v2\/categories?post=66264"},{"taxonomy":"post_tag","embeddable":true,"href":"https:\/\/politicosaldesnudo.com.mx\/index.php\/wp-json\/wp\/v2\/tags?post=66264"}],"curies":[{"name":"wp","href":"https:\/\/api.w.org\/{rel}","templated":true}]}}