{"id":66266,"date":"2025-07-04T21:42:43","date_gmt":"2025-07-05T03:42:43","guid":{"rendered":"https:\/\/politicosaldesnudo.com.mx\/?p=66266"},"modified":"2025-07-04T21:42:43","modified_gmt":"2025-07-05T03:42:43","slug":"el-ilegal-madruguete-en-el-poder-judicial","status":"publish","type":"post","link":"https:\/\/politicosaldesnudo.com.mx\/index.php\/2025\/07\/04\/el-ilegal-madruguete-en-el-poder-judicial\/","title":{"rendered":"El Ilegal Madruguete en el Poder Judicial"},"content":{"rendered":"<h2>\u00b7\u00a0\u00a0\u00a0\u00a0\u00a0\u00a0\u00a0Se planea nombrar indebidamente a los integrantes del \u00f3rgano de administraci\u00f3n<\/h2>\n<h2>\u00b7\u00a0\u00a0\u00a0\u00a0\u00a0\u00a0\u00a0La responsabilidad de nombrar a los integrantes del \u00f3rgano de administraci\u00f3n recae en los magistrados electos<\/h2>\n<h2>\u00b7\u00a0\u00a0\u00a0\u00a0\u00a0\u00a0\u00a0\u00bfAhora tambi\u00e9n se pasar\u00e1n por alto las reformas judiciales?<\/h2>\n<p style=\"font-weight: 400;\">Por Miguel \u00c1ngel Cristiani G.<\/p>\n<p style=\"font-weight: 400;\">En el intrincado laberinto del Poder Judicial de Veracruz, se han encendido las alarmas. Un reciente \u00abmadruguete\u00bb ha sacudido los cimientos del Tribunal Superior de Justicia. La noticia se esparce como p\u00f3lvora: se planea nombrar indebidamente a los integrantes del \u00f3rgano de administraci\u00f3n. \u00bfQu\u00e9 est\u00e1 ocurriendo realmente?<\/p>\n<h3>Un aviso sospechoso<\/h3>\n<p style=\"font-weight: 400;\">Ayer, Gerardo Escobedo Garc\u00eda, un incondicional de Lisbeth Aurelia, notific\u00f3 la convocaci\u00f3n a una sesi\u00f3n de pleno. A simple vista, parec\u00eda un encuentro rutinario, con asuntos trivialmente enlistados y un cumplimiento de amparo. Pero, como bien dice el refr\u00e1n, \u00abel diablo est\u00e1 en los detalles\u00bb. Tras los muros del tribunal, circula el rumor de que este pleno esconde un verdadero prop\u00f3sito: nombrar a los integrantes del \u00f3rgano de administraci\u00f3n.<\/p>\n<h3>La letra de la ley<\/h3>\n<p style=\"font-weight: 400;\">La nueva Ley Org\u00e1nica del Poder Judicial es clara. La responsabilidad de nombrar a los tres integrantes del \u00f3rgano de administraci\u00f3n recae en los magistrados electos, quienes tomar\u00e1n protesta el 1 de septiembre. Sin embargo, parece que algunos prefieren saltarse las reglas. \u00bfAcaso no saben leer? O simplemente est\u00e1n dispuestos a ignorar lo que les conviene.<\/p>\n<h3>El apetito del poder<\/h3>\n<p style=\"font-weight: 400;\">Lisbeth Aurelia y sus aliados parecen querer seguir \u00absirvi\u00e9ndose con la cuchara grande\u00bb. Imponer a sus allegados en el \u00f3rgano que manejar\u00e1 el dinero y el personal del Poder Judicial es un movimiento audaz. Pero, \u00bfqu\u00e9 intentan ocultar? \u00bfA qui\u00e9n intentan proteger? La Gobernadora, Cuitl\u00e1huac Garc\u00eda, parece ajena a lo que sucede en este \u00abnido de&#8230;\u00bb. Es momento de que tome cartas en el asunto.<\/p>\n<h3>Una crisis de credibilidad<\/h3>\n<p style=\"font-weight: 400;\">La situaci\u00f3n es alarmante. No solo se suma la ca\u00edda del sistema electoral, sino tambi\u00e9n la incertidumbre sobre qui\u00e9n presidir\u00e1 el Poder Judicial. \u00bfAhora tambi\u00e9n se pasar\u00e1n por alto las reformas judiciales? Veracruz se encuentra en una encrucijada, donde la ineficiencia y la ineptitud de las autoridades nos hacen quedar en rid\u00edculo.<\/p>\n<h3>Un llamado a la Gobernadora<\/h3>\n<p style=\"font-weight: 400;\">El clamor es claro: \u00a1Gobernadora, ponga orden! La ciudadan\u00eda exige transparencia y respeto a las instituciones. La falta de claridad en el proceso electoral judicial solo mancha m\u00e1s un sistema que ya de por s\u00ed se encuentra en entredicho.<\/p>\n<h3>La vigilancia del Tribunal de Disciplina<\/h3>\n<p style=\"font-weight: 400;\">Es importante recordar que el Tribunal de Disciplina tiene la facultad de revisar la actuaci\u00f3n de los magistrados y jueces. \u00bfPodr\u00eda ser esta la primera tarea del nuevo Tribunal? O, peor a\u00fan, \u00bfser\u00e1 una artima\u00f1a de Jim\u00e9nez Aguirre para deshacerse de aquellos magistrados que a\u00fan son independientes? Las inc\u00f3gnitas crecen.<\/p>\n<p style=\"font-weight: 400;\">Veracruz se enfrenta a un momento crucial. La corrupci\u00f3n y el abuso de poder amenazan la integridad del sistema judicial. Es fundamental que se respete la ley y se trabaje por un Poder Judicial que realmente sirva al inter\u00e9s p\u00fablico. La ciudadan\u00eda debe estar atenta y exigir cuentas. No se trata solo de un \u00abmadruguete\u00bb m\u00e1s; estamos hablando del futuro de la justicia en el estado. Que alguien ponga orden en Veracruz, porque el tiempo de los madrugones y las artima\u00f1as deber\u00eda haber quedado atr\u00e1s.<\/p>\n<p><img data-recalc-dims=\"1\" loading=\"lazy\" decoding=\"async\" class=\"aligncenter size-full wp-image-66111\" src=\"https:\/\/i0.wp.com\/politicosaldesnudo.com.mx\/wp-content\/uploads\/2025\/07\/FIRMA-EDITORIAL-PD.jpg?resize=800%2C98&#038;ssl=1\" alt=\"\" width=\"800\" height=\"98\" srcset=\"https:\/\/i0.wp.com\/politicosaldesnudo.com.mx\/wp-content\/uploads\/2025\/07\/FIRMA-EDITORIAL-PD.jpg?w=1024&amp;ssl=1 1024w, https:\/\/i0.wp.com\/politicosaldesnudo.com.mx\/wp-content\/uploads\/2025\/07\/FIRMA-EDITORIAL-PD.jpg?resize=300%2C37&amp;ssl=1 300w, https:\/\/i0.wp.com\/politicosaldesnudo.com.mx\/wp-content\/uploads\/2025\/07\/FIRMA-EDITORIAL-PD.jpg?resize=768%2C94&amp;ssl=1 768w\" sizes=\"auto, (max-width: 800px) 100vw, 800px\" \/><\/p>\n","protected":false},"excerpt":{"rendered":"<p>\u00b7\u00a0\u00a0\u00a0\u00a0\u00a0\u00a0\u00a0Se planea nombrar indebidamente a los integrantes del \u00f3rgano de administraci\u00f3n \u00b7\u00a0\u00a0\u00a0\u00a0\u00a0\u00a0\u00a0La responsabilidad de nombrar a los integrantes del \u00f3rgano<\/p>\n","protected":false},"author":4,"featured_media":46060,"comment_status":"closed","ping_status":"closed","sticky":false,"template":"","format":"standard","meta":{"colormag_page_container_layout":"default_layout","colormag_page_sidebar_layout":"default_layout","_jetpack_memberships_contains_paid_content":false,"footnotes":"","jetpack_publicize_message":"","jetpack_publicize_feature_enabled":true,"jetpack_social_post_already_shared":true,"jetpack_social_options":{"image_generator_settings":{"template":"highway","default_image_id":0,"font":"","enabled":false},"version":2}},"categories":[26],"tags":[],"class_list":["post-66266","post","type-post","status-publish","format-standard","has-post-thumbnail","hentry","category-columnistas"],"jetpack_publicize_connections":[],"jetpack_featured_media_url":"https:\/\/i0.wp.com\/politicosaldesnudo.com.mx\/wp-content\/uploads\/2024\/09\/CRISTIANI-2.jpg?fit=800%2C445&ssl=1","jetpack-related-posts":[],"jetpack_sharing_enabled":true,"_links":{"self":[{"href":"https:\/\/politicosaldesnudo.com.mx\/index.php\/wp-json\/wp\/v2\/posts\/66266","targetHints":{"allow":["GET"]}}],"collection":[{"href":"https:\/\/politicosaldesnudo.com.mx\/index.php\/wp-json\/wp\/v2\/posts"}],"about":[{"href":"https:\/\/politicosaldesnudo.com.mx\/index.php\/wp-json\/wp\/v2\/types\/post"}],"author":[{"embeddable":true,"href":"https:\/\/politicosaldesnudo.com.mx\/index.php\/wp-json\/wp\/v2\/users\/4"}],"replies":[{"embeddable":true,"href":"https:\/\/politicosaldesnudo.com.mx\/index.php\/wp-json\/wp\/v2\/comments?post=66266"}],"version-history":[{"count":0,"href":"https:\/\/politicosaldesnudo.com.mx\/index.php\/wp-json\/wp\/v2\/posts\/66266\/revisions"}],"wp:featuredmedia":[{"embeddable":true,"href":"https:\/\/politicosaldesnudo.com.mx\/index.php\/wp-json\/wp\/v2\/media\/46060"}],"wp:attachment":[{"href":"https:\/\/politicosaldesnudo.com.mx\/index.php\/wp-json\/wp\/v2\/media?parent=66266"}],"wp:term":[{"taxonomy":"category","embeddable":true,"href":"https:\/\/politicosaldesnudo.com.mx\/index.php\/wp-json\/wp\/v2\/categories?post=66266"},{"taxonomy":"post_tag","embeddable":true,"href":"https:\/\/politicosaldesnudo.com.mx\/index.php\/wp-json\/wp\/v2\/tags?post=66266"}],"curies":[{"name":"wp","href":"https:\/\/api.w.org\/{rel}","templated":true}]}}