{"id":66377,"date":"2025-07-08T00:02:04","date_gmt":"2025-07-08T06:02:04","guid":{"rendered":"https:\/\/politicosaldesnudo.com.mx\/?p=66377"},"modified":"2025-07-08T01:41:28","modified_gmt":"2025-07-08T07:41:28","slug":"juez-de-control-mantiene-puesto","status":"publish","type":"post","link":"https:\/\/politicosaldesnudo.com.mx\/index.php\/2025\/07\/08\/juez-de-control-mantiene-puesto\/","title":{"rendered":"Juez de control mantiene puesto"},"content":{"rendered":"<p>El panorama judicial en Veracruz se renueva tras la reciente contienda electoral, donde magistrados y jueces fueron electos por voto popular, entre los ganadores que recibieron sus constancias de mayor\u00eda, destaca la figura de Agust\u00edn Torres Bello, quien fue el \u00fanico aspirante propuesto por el Poder Judicial para el cargo de Magistrado del Tribunal de Disciplina Judicial y result\u00f3 victorioso en las urnas.<\/p>\n<p>A pesar de su nueva posici\u00f3n, Torres Bello continuar\u00e1 desempe\u00f1\u00e1ndose como Juez de Control en esta ciudad, lo que ha sido recibido con gran optimismo en los c\u00edrculos judiciales.<\/p>\n<p>La noticia de la permanencia del actual Juez de Control ha sido grata para la comunidad jur\u00eddica, pues se trata de un funcionario con una s\u00f3lida trayectoria en la carrera judicial, reconocido por su conocimiento del derecho y su compromiso institucional, ha recorrido diversos distritos del estado, escalando posiciones desde los roles m\u00e1s modestos en el sistema judicial hasta alcanzar esta Magistratura.<\/p>\n<p>No es ajeno a Tuxpan, donde previamente se desempe\u00f1\u00f3 como Juez Primero de Primera Instancia bajo el antiguo sistema penal, dejando una huella de seriedad y amabilidad, por lo que, abogados de este municipio, esperan que dedique su m\u00e1ximo esfuerzo a esta nueva encomienda, pues su cargo no solo implica las responsabilidades inherentes a su posici\u00f3n, sino tambi\u00e9n la crucial tarea de contribuir al rescate y fortalecimiento del\u00a0Poder\u00a0Judicial.<\/p>\n","protected":false},"excerpt":{"rendered":"<p>El panorama judicial en Veracruz se renueva tras la reciente contienda electoral, donde magistrados y jueces fueron electos por voto<\/p>\n","protected":false},"author":4,"featured_media":66378,"comment_status":"closed","ping_status":"closed","sticky":false,"template":"","format":"standard","meta":{"colormag_page_container_layout":"default_layout","colormag_page_sidebar_layout":"default_layout","_jetpack_memberships_contains_paid_content":false,"footnotes":"","jetpack_publicize_message":"","jetpack_publicize_feature_enabled":true,"jetpack_social_post_already_shared":true,"jetpack_social_options":{"image_generator_settings":{"template":"highway","default_image_id":0,"font":"","enabled":false},"version":2}},"categories":[1082],"tags":[],"class_list":["post-66377","post","type-post","status-publish","format-standard","has-post-thumbnail","hentry","category-tuxpan"],"jetpack_publicize_connections":[],"jetpack_featured_media_url":"https:\/\/i0.wp.com\/politicosaldesnudo.com.mx\/wp-content\/uploads\/2025\/07\/JU.jpg?fit=1200%2C900&ssl=1","jetpack-related-posts":[],"jetpack_sharing_enabled":true,"_links":{"self":[{"href":"https:\/\/politicosaldesnudo.com.mx\/index.php\/wp-json\/wp\/v2\/posts\/66377","targetHints":{"allow":["GET"]}}],"collection":[{"href":"https:\/\/politicosaldesnudo.com.mx\/index.php\/wp-json\/wp\/v2\/posts"}],"about":[{"href":"https:\/\/politicosaldesnudo.com.mx\/index.php\/wp-json\/wp\/v2\/types\/post"}],"author":[{"embeddable":true,"href":"https:\/\/politicosaldesnudo.com.mx\/index.php\/wp-json\/wp\/v2\/users\/4"}],"replies":[{"embeddable":true,"href":"https:\/\/politicosaldesnudo.com.mx\/index.php\/wp-json\/wp\/v2\/comments?post=66377"}],"version-history":[{"count":0,"href":"https:\/\/politicosaldesnudo.com.mx\/index.php\/wp-json\/wp\/v2\/posts\/66377\/revisions"}],"wp:featuredmedia":[{"embeddable":true,"href":"https:\/\/politicosaldesnudo.com.mx\/index.php\/wp-json\/wp\/v2\/media\/66378"}],"wp:attachment":[{"href":"https:\/\/politicosaldesnudo.com.mx\/index.php\/wp-json\/wp\/v2\/media?parent=66377"}],"wp:term":[{"taxonomy":"category","embeddable":true,"href":"https:\/\/politicosaldesnudo.com.mx\/index.php\/wp-json\/wp\/v2\/categories?post=66377"},{"taxonomy":"post_tag","embeddable":true,"href":"https:\/\/politicosaldesnudo.com.mx\/index.php\/wp-json\/wp\/v2\/tags?post=66377"}],"curies":[{"name":"wp","href":"https:\/\/api.w.org\/{rel}","templated":true}]}}