{"id":66380,"date":"2025-07-08T00:03:09","date_gmt":"2025-07-08T06:03:09","guid":{"rendered":"https:\/\/politicosaldesnudo.com.mx\/?p=66380"},"modified":"2025-07-08T01:41:02","modified_gmt":"2025-07-08T07:41:02","slug":"reclaman-transportistas-aumento-al-pasaje","status":"publish","type":"post","link":"https:\/\/politicosaldesnudo.com.mx\/index.php\/2025\/07\/08\/reclaman-transportistas-aumento-al-pasaje\/","title":{"rendered":"Reclaman transportistas aumento al pasaje"},"content":{"rendered":"<p>La falta de actualizaci\u00f3n en las tarifas del transporte p\u00fablico ha llevado al sector a una situaci\u00f3n insostenible. Empresarios transportistas de Tuxpan consideran urgente que se autorice un incremento en el costo del pasaje, ya que los precios se han mantenido sin cambios desde hace casi una d\u00e9cada, mientras que los gastos operativos han aumentado considerablemente.<\/p>\n<p>Desde el a\u00f1o 2014 no se ha realizado ning\u00fan ajuste a las tarifas, a pesar de que insumos clave como el di\u00e9sel, la gasolina, refacciones y mantenimiento de unidades se han encarecido. Esta falta de actualizaci\u00f3n ha golpeado directamente tanto a los due\u00f1os de las unidades como a los operadores, quienes trabajan bajo esquemas de comisi\u00f3n y dependen directamente del n\u00famero de pasajeros transportados.<\/p>\n<p>Los ingresos actuales no alcanzan para cubrir los gastos diarios de operaci\u00f3n, que rondan entre los mil 200 y mil 300 pesos solo en combustible, ni para garantizar un salario digno a los conductores. Esto ha obligado a muchos transportistas a recurrir a soluciones temporales, como el uso de piezas no originales para mantener en circulaci\u00f3n sus unidades, afectando la calidad y seguridad del servicio.<\/p>\n<p>Adem\u00e1s, el incremento en las rutas de taxis ha reducido significativamente el flujo de usuarios del transporte colectivo, lo que agrava a\u00fan m\u00e1s la situaci\u00f3n financiera del sector. Si bien los taxis enfrentan tambi\u00e9n altos costos y extensos recorridos, la competencia entre ambos servicios ha generado una distribuci\u00f3n desigual de pasaje.<\/p>\n<p>Ante este panorama, los transportistas coinciden en la necesidad de entablar di\u00e1logo con las nuevas autoridades estatales para analizar y autorizar un ajuste tarifario que permita garantizar la continuidad del servicio, mejorar las condiciones laborales de los operadores y dar mantenimiento adecuado a las unidades.<\/p>\n","protected":false},"excerpt":{"rendered":"<p>La falta de actualizaci\u00f3n en las tarifas del transporte p\u00fablico ha llevado al sector a una situaci\u00f3n insostenible. Empresarios transportistas<\/p>\n","protected":false},"author":4,"featured_media":66381,"comment_status":"closed","ping_status":"closed","sticky":false,"template":"","format":"standard","meta":{"colormag_page_container_layout":"default_layout","colormag_page_sidebar_layout":"default_layout","_jetpack_memberships_contains_paid_content":false,"footnotes":"","jetpack_publicize_message":"","jetpack_publicize_feature_enabled":true,"jetpack_social_post_already_shared":true,"jetpack_social_options":{"image_generator_settings":{"template":"highway","default_image_id":0,"font":"","enabled":false},"version":2}},"categories":[1082],"tags":[],"class_list":["post-66380","post","type-post","status-publish","format-standard","has-post-thumbnail","hentry","category-tuxpan"],"jetpack_publicize_connections":[],"jetpack_featured_media_url":"https:\/\/i0.wp.com\/politicosaldesnudo.com.mx\/wp-content\/uploads\/2025\/07\/TRANS.jpg?fit=1200%2C903&ssl=1","jetpack-related-posts":[],"jetpack_sharing_enabled":true,"_links":{"self":[{"href":"https:\/\/politicosaldesnudo.com.mx\/index.php\/wp-json\/wp\/v2\/posts\/66380","targetHints":{"allow":["GET"]}}],"collection":[{"href":"https:\/\/politicosaldesnudo.com.mx\/index.php\/wp-json\/wp\/v2\/posts"}],"about":[{"href":"https:\/\/politicosaldesnudo.com.mx\/index.php\/wp-json\/wp\/v2\/types\/post"}],"author":[{"embeddable":true,"href":"https:\/\/politicosaldesnudo.com.mx\/index.php\/wp-json\/wp\/v2\/users\/4"}],"replies":[{"embeddable":true,"href":"https:\/\/politicosaldesnudo.com.mx\/index.php\/wp-json\/wp\/v2\/comments?post=66380"}],"version-history":[{"count":0,"href":"https:\/\/politicosaldesnudo.com.mx\/index.php\/wp-json\/wp\/v2\/posts\/66380\/revisions"}],"wp:featuredmedia":[{"embeddable":true,"href":"https:\/\/politicosaldesnudo.com.mx\/index.php\/wp-json\/wp\/v2\/media\/66381"}],"wp:attachment":[{"href":"https:\/\/politicosaldesnudo.com.mx\/index.php\/wp-json\/wp\/v2\/media?parent=66380"}],"wp:term":[{"taxonomy":"category","embeddable":true,"href":"https:\/\/politicosaldesnudo.com.mx\/index.php\/wp-json\/wp\/v2\/categories?post=66380"},{"taxonomy":"post_tag","embeddable":true,"href":"https:\/\/politicosaldesnudo.com.mx\/index.php\/wp-json\/wp\/v2\/tags?post=66380"}],"curies":[{"name":"wp","href":"https:\/\/api.w.org\/{rel}","templated":true}]}}