{"id":66383,"date":"2025-07-08T00:04:05","date_gmt":"2025-07-08T06:04:05","guid":{"rendered":"https:\/\/politicosaldesnudo.com.mx\/?p=66383"},"modified":"2025-07-07T19:29:32","modified_gmt":"2025-07-08T01:29:32","slug":"exigen-justicia-para-lider-agrario","status":"publish","type":"post","link":"https:\/\/politicosaldesnudo.com.mx\/index.php\/2025\/07\/08\/exigen-justicia-para-lider-agrario\/","title":{"rendered":"Exigen justicia para l\u00edder agrario"},"content":{"rendered":"<p>A casi tres meses del lamentable asesinato del l\u00edder agrario Rub\u00e9n Cruz Sagastume, sus familiares y amigos contin\u00faan clamando por justicia.<\/p>\n<p>El homicidio, ocurrido el pasado mes de abril, sigue sin esclarecerse, lo que ha generado una creciente indignaci\u00f3n entre sus allegados, quienes exigen la identificaci\u00f3n y captura de los responsables.<\/p>\n<p>Miguel Cruz \u00c1ngeles, hijo de la v\u00edctima, aprovech\u00f3 un evento de la Liga Roja para alzar la voz junto a sus hermanos y c\u00edrculo cercano. Desde la tribuna, inst\u00f3 en\u00e9rgicamente a las autoridades estatales y a la Fiscal\u00eda General a entregar resultados concretos. Hizo un llamado a la acci\u00f3n, pidiendo que se investigue a fondo el caso de su padre y se evite que este crimen se sume a la larga lista de casos impunes en la regi\u00f3n.<\/p>\n<p>Cruz \u00c1ngeles enfatiz\u00f3 que la familia no permitir\u00e1 que el expediente del asesinato de su padre sea archivado. Ante la falta de avances significativos y la ausencia de informaci\u00f3n por parte de las autoridades despu\u00e9s de casi tres meses, advirti\u00f3 que comenzar\u00e1n a ejercer presi\u00f3n para obtener respuestas y garantizar que se haga justicia.<\/p>\n<p>Cabe recordar que Rub\u00e9n Cruz Sagastume fue asesinado el 11 de abril en el interior de su propia oficina, ubicada en la calle Ni\u00f1o Artillero de la zona centro.<\/p>\n<p>Si bien en las primeras 48 horas tras el crimen las autoridades estatales informaron sobre la existencia de l\u00edneas de investigaci\u00f3n y posibles responsables, la familia no ha recibido ninguna actualizaci\u00f3n o detalle sobre el progreso de las indagatorias\u00a0desde\u00a0entonces.<\/p>\n","protected":false},"excerpt":{"rendered":"<p>A casi tres meses del lamentable asesinato del l\u00edder agrario Rub\u00e9n Cruz Sagastume, sus familiares y amigos contin\u00faan clamando por<\/p>\n","protected":false},"author":4,"featured_media":66384,"comment_status":"closed","ping_status":"closed","sticky":false,"template":"","format":"standard","meta":{"colormag_page_container_layout":"default_layout","colormag_page_sidebar_layout":"default_layout","_jetpack_memberships_contains_paid_content":false,"footnotes":"","jetpack_publicize_message":"","jetpack_publicize_feature_enabled":true,"jetpack_social_post_already_shared":true,"jetpack_social_options":{"image_generator_settings":{"template":"highway","default_image_id":0,"font":"","enabled":false},"version":2}},"categories":[1082],"tags":[],"class_list":["post-66383","post","type-post","status-publish","format-standard","has-post-thumbnail","hentry","category-tuxpan"],"jetpack_publicize_connections":[],"jetpack_featured_media_url":"https:\/\/i0.wp.com\/politicosaldesnudo.com.mx\/wp-content\/uploads\/2025\/07\/LID.jpg?fit=1200%2C630&ssl=1","jetpack-related-posts":[],"jetpack_sharing_enabled":true,"_links":{"self":[{"href":"https:\/\/politicosaldesnudo.com.mx\/index.php\/wp-json\/wp\/v2\/posts\/66383","targetHints":{"allow":["GET"]}}],"collection":[{"href":"https:\/\/politicosaldesnudo.com.mx\/index.php\/wp-json\/wp\/v2\/posts"}],"about":[{"href":"https:\/\/politicosaldesnudo.com.mx\/index.php\/wp-json\/wp\/v2\/types\/post"}],"author":[{"embeddable":true,"href":"https:\/\/politicosaldesnudo.com.mx\/index.php\/wp-json\/wp\/v2\/users\/4"}],"replies":[{"embeddable":true,"href":"https:\/\/politicosaldesnudo.com.mx\/index.php\/wp-json\/wp\/v2\/comments?post=66383"}],"version-history":[{"count":0,"href":"https:\/\/politicosaldesnudo.com.mx\/index.php\/wp-json\/wp\/v2\/posts\/66383\/revisions"}],"wp:featuredmedia":[{"embeddable":true,"href":"https:\/\/politicosaldesnudo.com.mx\/index.php\/wp-json\/wp\/v2\/media\/66384"}],"wp:attachment":[{"href":"https:\/\/politicosaldesnudo.com.mx\/index.php\/wp-json\/wp\/v2\/media?parent=66383"}],"wp:term":[{"taxonomy":"category","embeddable":true,"href":"https:\/\/politicosaldesnudo.com.mx\/index.php\/wp-json\/wp\/v2\/categories?post=66383"},{"taxonomy":"post_tag","embeddable":true,"href":"https:\/\/politicosaldesnudo.com.mx\/index.php\/wp-json\/wp\/v2\/tags?post=66383"}],"curies":[{"name":"wp","href":"https:\/\/api.w.org\/{rel}","templated":true}]}}