{"id":66386,"date":"2025-07-08T00:05:26","date_gmt":"2025-07-08T06:05:26","guid":{"rendered":"https:\/\/politicosaldesnudo.com.mx\/?p=66386"},"modified":"2025-07-07T19:50:34","modified_gmt":"2025-07-08T01:50:34","slug":"medio-tremendo-lo-senalado-contra-pena-nieto-por-diario-israeli-csp","status":"publish","type":"post","link":"https:\/\/politicosaldesnudo.com.mx\/index.php\/2025\/07\/08\/medio-tremendo-lo-senalado-contra-pena-nieto-por-diario-israeli-csp\/","title":{"rendered":"\u00abMedio tremendo\u00bb, lo se\u00f1alado contra Pe\u00f1a Nieto por diario israel\u00ed: CSP"},"content":{"rendered":"<p class=\"nota-justify\">\u201cEstuvo medio tremendo\u201d, se\u00f1al\u00f3 la presidenta Claudia Sheinbaum Pardo para referirse a los se\u00f1alamientos en contra del ex presidente Enrique Pe\u00f1a Nieto que se publicaron en el diario israel\u00ed\u00a0<i>The Marker<\/i>, donde se le acusa de recibir 25 millones de d\u00f3lares por parte de dos empresarios de ese pa\u00eds, a quienes presuntamente les habr\u00eda prometido que realizar\u00edan \u201clucrativos contratos\u201d en su gobierno con el software de espionaje\u00a0<i>Pegasus<\/i>.<\/p>\n<p class=\"nota-justify\">Interrogada al respecto, la mandataria indic\u00f3 en la ma\u00f1anera de este lunes que Pe\u00f1a Nieto \u201cdijo que no. Entonces, bueno, ah\u00ed est\u00e1 el tema\u201d.<\/p>\n<p class=\"nota-justify\">Refiri\u00f3 que se trata de \u201cun juicio en Israel de dos personas, que hicieron negocio en M\u00e9xico, y entre ellos tienen conflicto all\u00e1, y a la hora que se hace p\u00fablico alguno de los elementos de este conflicto mercantil que tienen estos dos empresarios, pues sale este asunto, que dice que fueron 25 millones de d\u00f3lares\u201d.<\/p>\n","protected":false},"excerpt":{"rendered":"<p>\u201cEstuvo medio tremendo\u201d, se\u00f1al\u00f3 la presidenta Claudia Sheinbaum Pardo para referirse a los se\u00f1alamientos en contra del ex presidente Enrique<\/p>\n","protected":false},"author":4,"featured_media":66387,"comment_status":"closed","ping_status":"closed","sticky":false,"template":"","format":"standard","meta":{"colormag_page_container_layout":"default_layout","colormag_page_sidebar_layout":"default_layout","_jetpack_memberships_contains_paid_content":false,"footnotes":"","jetpack_publicize_message":"","jetpack_publicize_feature_enabled":true,"jetpack_social_post_already_shared":true,"jetpack_social_options":{"image_generator_settings":{"template":"highway","default_image_id":0,"font":"","enabled":false},"version":2}},"categories":[33],"tags":[],"class_list":["post-66386","post","type-post","status-publish","format-standard","has-post-thumbnail","hentry","category-nacional"],"jetpack_publicize_connections":[],"jetpack_featured_media_url":"https:\/\/i0.wp.com\/politicosaldesnudo.com.mx\/wp-content\/uploads\/2025\/07\/PASW.jpg?fit=765%2C516&ssl=1","jetpack-related-posts":[],"jetpack_sharing_enabled":true,"_links":{"self":[{"href":"https:\/\/politicosaldesnudo.com.mx\/index.php\/wp-json\/wp\/v2\/posts\/66386","targetHints":{"allow":["GET"]}}],"collection":[{"href":"https:\/\/politicosaldesnudo.com.mx\/index.php\/wp-json\/wp\/v2\/posts"}],"about":[{"href":"https:\/\/politicosaldesnudo.com.mx\/index.php\/wp-json\/wp\/v2\/types\/post"}],"author":[{"embeddable":true,"href":"https:\/\/politicosaldesnudo.com.mx\/index.php\/wp-json\/wp\/v2\/users\/4"}],"replies":[{"embeddable":true,"href":"https:\/\/politicosaldesnudo.com.mx\/index.php\/wp-json\/wp\/v2\/comments?post=66386"}],"version-history":[{"count":0,"href":"https:\/\/politicosaldesnudo.com.mx\/index.php\/wp-json\/wp\/v2\/posts\/66386\/revisions"}],"wp:featuredmedia":[{"embeddable":true,"href":"https:\/\/politicosaldesnudo.com.mx\/index.php\/wp-json\/wp\/v2\/media\/66387"}],"wp:attachment":[{"href":"https:\/\/politicosaldesnudo.com.mx\/index.php\/wp-json\/wp\/v2\/media?parent=66386"}],"wp:term":[{"taxonomy":"category","embeddable":true,"href":"https:\/\/politicosaldesnudo.com.mx\/index.php\/wp-json\/wp\/v2\/categories?post=66386"},{"taxonomy":"post_tag","embeddable":true,"href":"https:\/\/politicosaldesnudo.com.mx\/index.php\/wp-json\/wp\/v2\/tags?post=66386"}],"curies":[{"name":"wp","href":"https:\/\/api.w.org\/{rel}","templated":true}]}}