{"id":66389,"date":"2025-07-08T00:06:30","date_gmt":"2025-07-08T06:06:30","guid":{"rendered":"https:\/\/politicosaldesnudo.com.mx\/?p=66389"},"modified":"2025-07-07T19:52:53","modified_gmt":"2025-07-08T01:52:53","slug":"reconoce-sheinbaum-necesidad-de-resolver-gentrificacion-rechaza-la-xenofobia","status":"publish","type":"post","link":"https:\/\/politicosaldesnudo.com.mx\/index.php\/2025\/07\/08\/reconoce-sheinbaum-necesidad-de-resolver-gentrificacion-rechaza-la-xenofobia\/","title":{"rendered":"Reconoce Sheinbaum necesidad de resolver gentrificaci\u00f3n; rechaza la xenofobia"},"content":{"rendered":"<p class=\"nota-justify\">M\u00e9xico es un pa\u00eds abierto al mundo. Todos los seres humanos son iguales y hay cero tolerancia a la discriminaci\u00f3n, el clasismo y el racismo, afirm\u00f3 la presidenta Claudia Sheinbaum en referencia a la protesta realizada el pasado viernes en contra de la gentrificaci\u00f3n en algunas zonas de la Ciudad de M\u00e9xico, pero hubo expresiones de xenofobia.<\/p>\n<p class=\"nota-justify\">\u201cNo podemos tratar a nadie como menos. Las muestras xenof\u00f3bicas de esa manifestaci\u00f3n, tenemos que condenarlas\u201d. No tienen cabida por m\u00e1s leg\u00edtimas que sean las demandas, sostuvo la mandataria y record\u00f3 la tradici\u00f3n del pa\u00eds de recibir a personas del extranjero como fue en el siglo XX con los republicanos espa\u00f1oles; tambi\u00e9n personas del Cono sur por los golpes de Estado, as\u00ed como a guatemaltecos que llegaron a territorio nacional por la violencia y discriminaci\u00f3n.<\/p>\n<p class=\"nota-justify\">La presidenta reconoci\u00f3 la necesidad de resolver el problema de la gentrificaci\u00f3n, esto es la salida de personas de zonas como la colonia Condesa, por el incremento en los costos de la vivienda y los servicios por una mayor presencia de extranjeros.<\/p>\n<p class=\"nota-justify\">Dijo que hay \u201cmucha especulaci\u00f3n inmobiliaria por la renta de vivienda a trav\u00e9s de plataformas digitales\u201d, lo cual no es aceptable.<\/p>\n<p class=\"nota-justify\">La jefa de gobierno, Clara Brugada, est\u00e1 buscando los mejores mecanismo para la gentrificaci\u00f3n y que no haya salidas de personas por la carest\u00eda. Tambi\u00e9n record\u00f3 que cuando Mart\u00ed Batres estuvo al frente del gobierno capitalino, puso en marcha una regulaci\u00f3n para las plataformas. Hay que ver si ha funcionado o se deben hacer cambios y, en todo caso, tomar en cuenta ejemplos de otras ciudades como Barcelona, Espa\u00f1a, donde tambi\u00e9n hay gentrificaci\u00f3n y aumento de rentas.<\/p>\n<p class=\"nota-justify\">La mandataria tambi\u00e9n se refiri\u00f3 a la agresi\u00f3n que sufri\u00f3 un integrante de la polic\u00eda capitalina por parte de una mujer argentina \u00a0que tuvo expresiones de una clasismo aberrante. \u201cEso no puede existir en nuestro pa\u00eds y \u00a0hay que se\u00f1alarlo siempre\u201d.<\/p>\n","protected":false},"excerpt":{"rendered":"<p>M\u00e9xico es un pa\u00eds abierto al mundo. Todos los seres humanos son iguales y hay cero tolerancia a la discriminaci\u00f3n,<\/p>\n","protected":false},"author":4,"featured_media":66390,"comment_status":"closed","ping_status":"closed","sticky":false,"template":"","format":"standard","meta":{"colormag_page_container_layout":"default_layout","colormag_page_sidebar_layout":"default_layout","_jetpack_memberships_contains_paid_content":false,"footnotes":"","jetpack_publicize_message":"","jetpack_publicize_feature_enabled":true,"jetpack_social_post_already_shared":true,"jetpack_social_options":{"image_generator_settings":{"template":"highway","default_image_id":0,"font":"","enabled":false},"version":2}},"categories":[33],"tags":[],"class_list":["post-66389","post","type-post","status-publish","format-standard","has-post-thumbnail","hentry","category-nacional"],"jetpack_publicize_connections":[],"jetpack_featured_media_url":"https:\/\/i0.wp.com\/politicosaldesnudo.com.mx\/wp-content\/uploads\/2025\/07\/5TNfvz9c0P2HHr1p.jpg?fit=1218%2C840&ssl=1","jetpack-related-posts":[],"jetpack_sharing_enabled":true,"_links":{"self":[{"href":"https:\/\/politicosaldesnudo.com.mx\/index.php\/wp-json\/wp\/v2\/posts\/66389","targetHints":{"allow":["GET"]}}],"collection":[{"href":"https:\/\/politicosaldesnudo.com.mx\/index.php\/wp-json\/wp\/v2\/posts"}],"about":[{"href":"https:\/\/politicosaldesnudo.com.mx\/index.php\/wp-json\/wp\/v2\/types\/post"}],"author":[{"embeddable":true,"href":"https:\/\/politicosaldesnudo.com.mx\/index.php\/wp-json\/wp\/v2\/users\/4"}],"replies":[{"embeddable":true,"href":"https:\/\/politicosaldesnudo.com.mx\/index.php\/wp-json\/wp\/v2\/comments?post=66389"}],"version-history":[{"count":0,"href":"https:\/\/politicosaldesnudo.com.mx\/index.php\/wp-json\/wp\/v2\/posts\/66389\/revisions"}],"wp:featuredmedia":[{"embeddable":true,"href":"https:\/\/politicosaldesnudo.com.mx\/index.php\/wp-json\/wp\/v2\/media\/66390"}],"wp:attachment":[{"href":"https:\/\/politicosaldesnudo.com.mx\/index.php\/wp-json\/wp\/v2\/media?parent=66389"}],"wp:term":[{"taxonomy":"category","embeddable":true,"href":"https:\/\/politicosaldesnudo.com.mx\/index.php\/wp-json\/wp\/v2\/categories?post=66389"},{"taxonomy":"post_tag","embeddable":true,"href":"https:\/\/politicosaldesnudo.com.mx\/index.php\/wp-json\/wp\/v2\/tags?post=66389"}],"curies":[{"name":"wp","href":"https:\/\/api.w.org\/{rel}","templated":true}]}}