{"id":66392,"date":"2025-07-08T00:07:46","date_gmt":"2025-07-08T06:07:46","guid":{"rendered":"https:\/\/politicosaldesnudo.com.mx\/?p=66392"},"modified":"2025-07-07T19:55:03","modified_gmt":"2025-07-08T01:55:03","slug":"al-menos-300-mil-trabajadores-de-plataformas-ya-registrados-al-imss-bolanos","status":"publish","type":"post","link":"https:\/\/politicosaldesnudo.com.mx\/index.php\/2025\/07\/08\/al-menos-300-mil-trabajadores-de-plataformas-ya-registrados-al-imss-bolanos\/","title":{"rendered":"Al menos 300 mil trabajadores de plataformas ya registrados al IMSS: Bola\u00f1os"},"content":{"rendered":"<p class=\"nota-justify\">En la primera semana del programa piloto para la incorporaci\u00f3n al Instituto Mexicano del Seguro Social (IMSS) de trabajadores de plataformas digitales, ya se tienen 300 mil registros de empleados, inform\u00f3 el secretario del Trabajo, Marath Bola\u00f1os.<\/p>\n<p class=\"nota-justify\">El funcionario participa esta ma\u00f1ana en la conferencia en Palacio Nacional, donde hizo un reconocimiento a varias de las empresas que iniciaron el registro de sus colaboradores.<\/p>\n<p class=\"nota-justify\">Record\u00f3 que son dos niveles de cobertura. Uno para quienes, con independencia del nivel de \u00a0ingresos, el trabajador est\u00e1 cubierto por la seguridad social por accidentes de trabajo. Esto debido a que se trasladan en \u00a0bicicleta, motocicleta o veh\u00edculos y tienen un alto riesgo de sufrir alg\u00fan percance. Por eso tienen la protecci\u00f3n del IMSS.<\/p>\n<p class=\"nota-justify\">El otro grupo de beneficiarios son aquellos que conforme a la forma como organiza su tiempo para el trabajo en las plataformas, logren un salario m\u00ednimo mensual. Estos tienen la cobertura total de la seguridad social.<\/p>\n","protected":false},"excerpt":{"rendered":"<p>En la primera semana del programa piloto para la incorporaci\u00f3n al Instituto Mexicano del Seguro Social (IMSS) de trabajadores de<\/p>\n","protected":false},"author":4,"featured_media":66393,"comment_status":"closed","ping_status":"closed","sticky":false,"template":"","format":"standard","meta":{"colormag_page_container_layout":"default_layout","colormag_page_sidebar_layout":"default_layout","_jetpack_memberships_contains_paid_content":false,"footnotes":"","jetpack_publicize_message":"","jetpack_publicize_feature_enabled":true,"jetpack_social_post_already_shared":true,"jetpack_social_options":{"image_generator_settings":{"template":"highway","default_image_id":0,"font":"","enabled":false},"version":2}},"categories":[33],"tags":[],"class_list":["post-66392","post","type-post","status-publish","format-standard","has-post-thumbnail","hentry","category-nacional"],"jetpack_publicize_connections":[],"jetpack_featured_media_url":"https:\/\/i0.wp.com\/politicosaldesnudo.com.mx\/wp-content\/uploads\/2025\/07\/UB.jpg?fit=695%2C471&ssl=1","jetpack-related-posts":[],"jetpack_sharing_enabled":true,"_links":{"self":[{"href":"https:\/\/politicosaldesnudo.com.mx\/index.php\/wp-json\/wp\/v2\/posts\/66392","targetHints":{"allow":["GET"]}}],"collection":[{"href":"https:\/\/politicosaldesnudo.com.mx\/index.php\/wp-json\/wp\/v2\/posts"}],"about":[{"href":"https:\/\/politicosaldesnudo.com.mx\/index.php\/wp-json\/wp\/v2\/types\/post"}],"author":[{"embeddable":true,"href":"https:\/\/politicosaldesnudo.com.mx\/index.php\/wp-json\/wp\/v2\/users\/4"}],"replies":[{"embeddable":true,"href":"https:\/\/politicosaldesnudo.com.mx\/index.php\/wp-json\/wp\/v2\/comments?post=66392"}],"version-history":[{"count":0,"href":"https:\/\/politicosaldesnudo.com.mx\/index.php\/wp-json\/wp\/v2\/posts\/66392\/revisions"}],"wp:featuredmedia":[{"embeddable":true,"href":"https:\/\/politicosaldesnudo.com.mx\/index.php\/wp-json\/wp\/v2\/media\/66393"}],"wp:attachment":[{"href":"https:\/\/politicosaldesnudo.com.mx\/index.php\/wp-json\/wp\/v2\/media?parent=66392"}],"wp:term":[{"taxonomy":"category","embeddable":true,"href":"https:\/\/politicosaldesnudo.com.mx\/index.php\/wp-json\/wp\/v2\/categories?post=66392"},{"taxonomy":"post_tag","embeddable":true,"href":"https:\/\/politicosaldesnudo.com.mx\/index.php\/wp-json\/wp\/v2\/tags?post=66392"}],"curies":[{"name":"wp","href":"https:\/\/api.w.org\/{rel}","templated":true}]}}