{"id":66395,"date":"2025-07-08T00:08:57","date_gmt":"2025-07-08T06:08:57","guid":{"rendered":"https:\/\/politicosaldesnudo.com.mx\/?p=66395"},"modified":"2025-07-07T19:58:23","modified_gmt":"2025-07-08T01:58:23","slug":"la-scjn-dejara-de-ser-rehen-en-la-campana-intentaron-corromperme-aguilar","status":"publish","type":"post","link":"https:\/\/politicosaldesnudo.com.mx\/index.php\/2025\/07\/08\/la-scjn-dejara-de-ser-rehen-en-la-campana-intentaron-corromperme-aguilar\/","title":{"rendered":"La SCJN dejar\u00e1 de ser reh\u00e9n; en la campa\u00f1a intentaron corromperme: Aguilar"},"content":{"rendered":"<p class=\"nota-justify\">En pocas semanas asumir\u00e1 el mayor desaf\u00edo contempor\u00e1neo en la historia de la justicia nacional: encabezar la recomposici\u00f3n del Poder Judicial de la Federaci\u00f3n (PJF), se\u00f1alado de estar corro\u00eddo por la corrupci\u00f3n. El futuro ministro presidente de la Suprema Corte de Justicia de la Naci\u00f3n (SCJN), Hugo Aguilar Ortiz, vaticina que dejar\u00e1 de ser reh\u00e9n de intereses externos e internos para impartir justicia para todos, especialmente para los de abajo<\/p>\n<p class=\"nota-justify\">Asume el reto y denuncia que durante la reciente campa\u00f1a intentaron corromperlo. \u201cHubo sectores que me dec\u00edan: \u2018aqu\u00ed van mis votos, y t\u00fa comprom\u00e9tete a fallar de esta o de otra manera\u2019\u201d.<\/p>\n<p class=\"nota-justify\">\u2013\u00bfQu\u00e9 sectores? \u00bfPol\u00edticos, privados? \u2013se le pregunt\u00f3.<\/p>\n<p class=\"nota-justify\">\u2013M\u00e1s que nada de intereses econ\u00f3micos. Yo les dije: van a tener una Corte dialogante y vamos a charlar los temas de ustedes. S\u00ed, pero el compromiso, me dec\u00edan. Yo respond\u00eda: No, si de eso estamos queriendo vacunar a la Corte. A m\u00ed me dec\u00edan: No, pues entonces no vas a ir en nuestra lista (de candidatos).<\/p>\n<p class=\"nota-justify\">\u201cLes dije: \u2018A tu gente dile que mi ofrecimiento es de di\u00e1logo y objetividad. Si as\u00ed no quieren votarnos, entonces ustedes forman parte de quienes quieren que la Corte sea reh\u00e9n de intereses\u2019\u201d, remat\u00f3.<\/p>\n<p class=\"nota-justify\">Desde una oficina sobria en la alcald\u00eda Miguel Hidalgo, decorada con im\u00e1genes de mujeres ind\u00edgenas y frases sobre igualdad, Aguilar Ortiz convers\u00f3 y explic\u00f3 que el plan de trabajo est\u00e1 casi listo para implementarse a partir del primero de septiembre.<\/p>\n<p class=\"nota-justify\">Los nuevos ministros, afirma, transformar\u00e1n al m\u00e1ximo tribunal de forma y fondo para hacerlo m\u00e1s cercano, transparente y eficaz. Esto implica acabar con resoluciones\u00a0<i>en lo oscurito<\/i>, guardar expedientes por a\u00f1os y priorizar casos de abusos hist\u00f3ricos a derechos humanos con sentencias que ayuden a sanar heridas sociales y as\u00ed calmar protestas y manifestaciones.<\/p>\n<p class=\"nota-justify\">La Corte tiene que dar la sensaci\u00f3n de que s\u00ed est\u00e1 satisfaciendo esta necesidad de justicia, ese es el reto. De arriba para abajo, pero principalmente los de abajo. Los de arriba tienen despachos de abogados y van a llegar (a la Corte) y ah\u00ed tengo que ver c\u00f3mo los atendemos. Pero al de abajo, si yo no hago algo, no van a llegar, explic\u00f3.<\/p>\n<p class=\"nota-justify\">Tambi\u00e9n se refiere a la relaci\u00f3n que mantendr\u00e1 el Judicial de la Federaci\u00f3n (PJF) con los poderes Ejecutivo y Legislativo luego del distanciamiento que comenz\u00f3 en enero de 2023, cuando la ministra Norma Pi\u00f1a Hern\u00e1ndez asumi\u00f3 la presidencia. Aguilar Ortiz apuesta por el di\u00e1logo sin subordinaci\u00f3n ni componendas.<\/p>\n<p class=\"nota-justify\">\u201cEspero que ellos (los poderes) tambi\u00e9n tengan apertura al di\u00e1logo. Por ejemplo, si hay una iniciativa de ley de amparo, \u00bfque no escuchen a la Corte? No me parecer\u00eda justo. \u00bfY yo voy a esperar a que llegue la ley de amparo y la voy a tirar? Pues qu\u00e9 necesidad\u2026 Tampoco vamos a jugar a las vencidas, a las fuercitas\u201d, sostiene.<\/p>\n","protected":false},"excerpt":{"rendered":"<p>En pocas semanas asumir\u00e1 el mayor desaf\u00edo contempor\u00e1neo en la historia de la justicia nacional: encabezar la recomposici\u00f3n del Poder<\/p>\n","protected":false},"author":4,"featured_media":66396,"comment_status":"closed","ping_status":"closed","sticky":false,"template":"","format":"standard","meta":{"colormag_page_container_layout":"default_layout","colormag_page_sidebar_layout":"default_layout","_jetpack_memberships_contains_paid_content":false,"footnotes":"","jetpack_publicize_message":"","jetpack_publicize_feature_enabled":true,"jetpack_social_post_already_shared":true,"jetpack_social_options":{"image_generator_settings":{"template":"highway","default_image_id":0,"font":"","enabled":false},"version":2}},"categories":[33],"tags":[],"class_list":["post-66395","post","type-post","status-publish","format-standard","has-post-thumbnail","hentry","category-nacional"],"jetpack_publicize_connections":[],"jetpack_featured_media_url":"https:\/\/i0.wp.com\/politicosaldesnudo.com.mx\/wp-content\/uploads\/2025\/07\/Hugo-Aguilar-580x450-1.jpg?fit=580%2C450&ssl=1","jetpack-related-posts":[],"jetpack_sharing_enabled":true,"_links":{"self":[{"href":"https:\/\/politicosaldesnudo.com.mx\/index.php\/wp-json\/wp\/v2\/posts\/66395","targetHints":{"allow":["GET"]}}],"collection":[{"href":"https:\/\/politicosaldesnudo.com.mx\/index.php\/wp-json\/wp\/v2\/posts"}],"about":[{"href":"https:\/\/politicosaldesnudo.com.mx\/index.php\/wp-json\/wp\/v2\/types\/post"}],"author":[{"embeddable":true,"href":"https:\/\/politicosaldesnudo.com.mx\/index.php\/wp-json\/wp\/v2\/users\/4"}],"replies":[{"embeddable":true,"href":"https:\/\/politicosaldesnudo.com.mx\/index.php\/wp-json\/wp\/v2\/comments?post=66395"}],"version-history":[{"count":0,"href":"https:\/\/politicosaldesnudo.com.mx\/index.php\/wp-json\/wp\/v2\/posts\/66395\/revisions"}],"wp:featuredmedia":[{"embeddable":true,"href":"https:\/\/politicosaldesnudo.com.mx\/index.php\/wp-json\/wp\/v2\/media\/66396"}],"wp:attachment":[{"href":"https:\/\/politicosaldesnudo.com.mx\/index.php\/wp-json\/wp\/v2\/media?parent=66395"}],"wp:term":[{"taxonomy":"category","embeddable":true,"href":"https:\/\/politicosaldesnudo.com.mx\/index.php\/wp-json\/wp\/v2\/categories?post=66395"},{"taxonomy":"post_tag","embeddable":true,"href":"https:\/\/politicosaldesnudo.com.mx\/index.php\/wp-json\/wp\/v2\/tags?post=66395"}],"curies":[{"name":"wp","href":"https:\/\/api.w.org\/{rel}","templated":true}]}}