{"id":66402,"date":"2025-07-08T00:10:43","date_gmt":"2025-07-08T06:10:43","guid":{"rendered":"https:\/\/politicosaldesnudo.com.mx\/?p=66402"},"modified":"2025-07-07T20:02:49","modified_gmt":"2025-07-08T02:02:49","slug":"trump-amenaza-a-japon-y-corea-del-sur-con-aranceles-extra-de-25","status":"publish","type":"post","link":"https:\/\/politicosaldesnudo.com.mx\/index.php\/2025\/07\/08\/trump-amenaza-a-japon-y-corea-del-sur-con-aranceles-extra-de-25\/","title":{"rendered":"Trump amenaza a Jap\u00f3n y Corea del Sur con aranceles extra de 25%"},"content":{"rendered":"<p>Estados Unidos impuso el lunes aranceles de 25 por ciento a los bienes importados de Jap\u00f3n y Corea del Sur, as\u00ed como nuevas tasas arancelarias sobre una docena de otras naciones que entrar\u00edan en vigor el 1 de agosto.<\/p>\n<p>El presidente estadunidense Donald Trump notific\u00f3 de los aranceles mediante la publicaci\u00f3n de cartas en Truth Social dirigidas a los l\u00edderes de los diversos pa\u00edses. Las cartas les advert\u00edan que no tomaran represalias con sus propios aranceles, o de lo contrario, Estados Unidos aumentar\u00eda a\u00fan m\u00e1s los aranceles.<\/p>\n<p>\u201cSi por alguna raz\u00f3n deciden aumentar sus aranceles, entonces, cualquier n\u00famero que elijan para aumentarlos se sumar\u00e1 a 25 por ciento que cobramos\u201d, escribi\u00f3 Trump en las cartas al primer ministro japon\u00e9s Shigeru Ishiba y al presidente surcoreano Lee Jae-myung.<\/p>\n<p>Las cartas no son la \u00faltima palabra de Trump sobre los aranceles, sino m\u00e1s bien otro episodio en un drama econ\u00f3mico global en el que el presidente se ha colocado en el centro.<\/p>\n<p>Las importaciones de Myanmar y Laos ser\u00edan gravadas a 40 por ciento, Camboya y Tailandia a 36 por ciento, Serbia y Bangladesh a 35 por ciento, Indonesia a 32 por ciento, Sud\u00e1frica y Bosnia y Herzegovina a 30 por ciento y Kazajist\u00e1n, Malasia y T\u00fanez a 25 por ciento.<\/p>\n<p>Trump coloc\u00f3 la palabra \u201cs\u00f3lo\u201d antes de revelar la tasa en sus cartas a los l\u00edderes extranjeros, como si quisiera implicar que estaba siendo generoso con los aranceles.<\/p>\n<p>La secretaria de prensa de la Casa Blanca, Karoline Leavitt, apunt\u00f3 que Trump estaba creando \u201cplanes comerciales hechos a la medida para cada pa\u00eds en este planeta, y eso es en lo que esta administraci\u00f3n sigue enfocada\u201d.<\/p>\n<p>Seg\u00fan una orden ejecutiva publicada por la Casa Blanca, Trump extendi\u00f3 hasta el 1 de agosto la suspensi\u00f3n del aumento de aranceles a los productos extranjeros, que originalmente venc\u00eda el pr\u00f3ximo 9 de julio.<\/p>\n<p>\u201cHe determinado, basado en informaci\u00f3n adicional y recomendaciones de varios altos funcionarios, incluyendo informaci\u00f3n sobre el avance de las negociaciones con nuestros socios comerciales, que es necesario y adecuado extender la suspensi\u00f3n establecida en la orden ejecutiva 14266 hasta las 4:00 GMT del 1 de agosto de 2025\u201d, dice el texto de la orden ejecutiva.<\/p>\n<p>El secretario del Tesoro, Scott Bessent, ponder\u00f3 que Estados Unidos har\u00e1 varios anuncios comerciales en las pr\u00f3ximas 48 horas.<\/p>\n<p>Mientras que el asesor comercial de la Casa Blanca, Peter Navarro, defendi\u00f3 su promesa de alcanzar 90 acuerdos comerciales en 90 d\u00edas, afirmando que \u201clas negociaciones avanzan bien\u201d, pero sin ofrecer detalles concretos.<\/p>\n<p>En tanto, un portavoz del Ejecutivo comunitario declar\u00f3 que la Uni\u00f3n Europea sigue aspirando a alcanzar un acuerdo comercial con Estados Unidos antes del 9 de julio, despu\u00e9s de que la presidenta de la Comisi\u00f3n, Ursula von der Leyen, y el presidente Trump mantuvieran un \u201cbuen intercambio\u201d.<\/p>\n<p>Fuentes europeas familiarizadas con el asunto dijeron a Reuters que la UE no recibir\u00e1 una carta de Estados Unidos en la que se establezcan aranceles m\u00e1s altos.<\/p>\n","protected":false},"excerpt":{"rendered":"<p>Estados Unidos impuso el lunes aranceles de 25 por ciento a los bienes importados de Jap\u00f3n y Corea del Sur,<\/p>\n","protected":false},"author":4,"featured_media":66403,"comment_status":"closed","ping_status":"closed","sticky":false,"template":"","format":"standard","meta":{"colormag_page_container_layout":"default_layout","colormag_page_sidebar_layout":"default_layout","_jetpack_memberships_contains_paid_content":false,"footnotes":"","jetpack_publicize_message":"","jetpack_publicize_feature_enabled":true,"jetpack_social_post_already_shared":true,"jetpack_social_options":{"image_generator_settings":{"template":"highway","default_image_id":0,"font":"","enabled":false},"version":2}},"categories":[2050],"tags":[],"class_list":["post-66402","post","type-post","status-publish","format-standard","has-post-thumbnail","hentry","category-economia"],"jetpack_publicize_connections":[],"jetpack_featured_media_url":"https:\/\/i0.wp.com\/politicosaldesnudo.com.mx\/wp-content\/uploads\/2025\/07\/TRAR.jpg?fit=776%2C521&ssl=1","jetpack-related-posts":[],"jetpack_sharing_enabled":true,"_links":{"self":[{"href":"https:\/\/politicosaldesnudo.com.mx\/index.php\/wp-json\/wp\/v2\/posts\/66402","targetHints":{"allow":["GET"]}}],"collection":[{"href":"https:\/\/politicosaldesnudo.com.mx\/index.php\/wp-json\/wp\/v2\/posts"}],"about":[{"href":"https:\/\/politicosaldesnudo.com.mx\/index.php\/wp-json\/wp\/v2\/types\/post"}],"author":[{"embeddable":true,"href":"https:\/\/politicosaldesnudo.com.mx\/index.php\/wp-json\/wp\/v2\/users\/4"}],"replies":[{"embeddable":true,"href":"https:\/\/politicosaldesnudo.com.mx\/index.php\/wp-json\/wp\/v2\/comments?post=66402"}],"version-history":[{"count":0,"href":"https:\/\/politicosaldesnudo.com.mx\/index.php\/wp-json\/wp\/v2\/posts\/66402\/revisions"}],"wp:featuredmedia":[{"embeddable":true,"href":"https:\/\/politicosaldesnudo.com.mx\/index.php\/wp-json\/wp\/v2\/media\/66403"}],"wp:attachment":[{"href":"https:\/\/politicosaldesnudo.com.mx\/index.php\/wp-json\/wp\/v2\/media?parent=66402"}],"wp:term":[{"taxonomy":"category","embeddable":true,"href":"https:\/\/politicosaldesnudo.com.mx\/index.php\/wp-json\/wp\/v2\/categories?post=66402"},{"taxonomy":"post_tag","embeddable":true,"href":"https:\/\/politicosaldesnudo.com.mx\/index.php\/wp-json\/wp\/v2\/tags?post=66402"}],"curies":[{"name":"wp","href":"https:\/\/api.w.org\/{rel}","templated":true}]}}