{"id":66432,"date":"2025-07-08T00:20:24","date_gmt":"2025-07-08T06:20:24","guid":{"rendered":"https:\/\/politicosaldesnudo.com.mx\/?p=66432"},"modified":"2025-07-07T20:42:31","modified_gmt":"2025-07-08T02:42:31","slug":"gobierno-de-eu-pone-fin-a-estatuto-de-proteccion-temporal-con-honduras-y-nicaragua","status":"publish","type":"post","link":"https:\/\/politicosaldesnudo.com.mx\/index.php\/2025\/07\/08\/gobierno-de-eu-pone-fin-a-estatuto-de-proteccion-temporal-con-honduras-y-nicaragua\/","title":{"rendered":"Gobierno de EU pone fin a Estatuto de Protecci\u00f3n Temporal con Honduras y Nicaragua"},"content":{"rendered":"<p>El gobierno de Donald Trump decidi\u00f3 poner fin al Estatuto de Protecci\u00f3n Temporal (TPS, por sus siglas en ingl\u00e9s) para nicarag\u00fcenses y hondure\u00f1os debido a la mejora de las condiciones en sus respectivos pa\u00edses, anunci\u00f3 este lunes la jefa del Departamento de Seguridad Nacional (DHS), Kristi Noem.<\/p>\n<p>Estados Unidos concedi\u00f3 a estos dos pa\u00edses centroamericanos el TPS en 1999 tras los estragos causados en octubre del a\u00f1o anterior por el hurac\u00e1n\u00a0<i>Mitch<\/i>, uno de los m\u00e1s devastadores de la historia en la regi\u00f3n que provoc\u00f3 una profunda crisis humanitaria y econ\u00f3mica as\u00ed como 7 mil muertos en Honduras y 4 mil en Nicaragua.<\/p>\n<p>El TPS protege contra la deportaci\u00f3n y confiere el derecho a trabajar. Se otorga a extranjeros que no pueden regresar a salvo a sus pa\u00edses por motivos de guerra, desastre natural u otra condici\u00f3n \u00abextraordinaria\u00bb. Fue renovado por \u00faltima vez durante el gobierno de Joe Biden por 18 meses, el TPS para estos dos pa\u00edses venci\u00f3 el pasado 5 de julio.<\/p>\n<p>Cerca de 72 mil hondure\u00f1os y 4 mil nicarag\u00fcenses est\u00e1n acogidos al TPS, seg\u00fan el departamento. La supresi\u00f3n entrar\u00e1 en vigor el pr\u00f3ximo 6 de septiembre, 60 d\u00edas despu\u00e9s de que la orden sea publicada en el Registro Federal, se\u00f1ala el DHS en un comunicado.<\/p>\n<p>Tanto en Nicaragua como en Honduras, la situaci\u00f3n que propici\u00f3 la concesi\u00f3n de este permiso hace m\u00e1s de un cuarto de siglo ha mejorado, seg\u00fan el DHS. \u00abEl Estatus de Protecci\u00f3n Temporal fue dise\u00f1ado para ser solo eso: temporal\u00bb, explic\u00f3 Noem.<\/p>\n","protected":false},"excerpt":{"rendered":"<p>El gobierno de Donald Trump decidi\u00f3 poner fin al Estatuto de Protecci\u00f3n Temporal (TPS, por sus siglas en ingl\u00e9s) para<\/p>\n","protected":false},"author":4,"featured_media":66433,"comment_status":"closed","ping_status":"closed","sticky":false,"template":"","format":"standard","meta":{"colormag_page_container_layout":"default_layout","colormag_page_sidebar_layout":"default_layout","_jetpack_memberships_contains_paid_content":false,"footnotes":"","jetpack_publicize_message":"","jetpack_publicize_feature_enabled":true,"jetpack_social_post_already_shared":true,"jetpack_social_options":{"image_generator_settings":{"template":"highway","default_image_id":0,"font":"","enabled":false},"version":2}},"categories":[28],"tags":[],"class_list":["post-66432","post","type-post","status-publish","format-standard","has-post-thumbnail","hentry","category-internacional"],"jetpack_publicize_connections":[],"jetpack_featured_media_url":"https:\/\/i0.wp.com\/politicosaldesnudo.com.mx\/wp-content\/uploads\/2025\/07\/HON.jpg?fit=626%2C456&ssl=1","jetpack-related-posts":[],"jetpack_sharing_enabled":true,"_links":{"self":[{"href":"https:\/\/politicosaldesnudo.com.mx\/index.php\/wp-json\/wp\/v2\/posts\/66432","targetHints":{"allow":["GET"]}}],"collection":[{"href":"https:\/\/politicosaldesnudo.com.mx\/index.php\/wp-json\/wp\/v2\/posts"}],"about":[{"href":"https:\/\/politicosaldesnudo.com.mx\/index.php\/wp-json\/wp\/v2\/types\/post"}],"author":[{"embeddable":true,"href":"https:\/\/politicosaldesnudo.com.mx\/index.php\/wp-json\/wp\/v2\/users\/4"}],"replies":[{"embeddable":true,"href":"https:\/\/politicosaldesnudo.com.mx\/index.php\/wp-json\/wp\/v2\/comments?post=66432"}],"version-history":[{"count":0,"href":"https:\/\/politicosaldesnudo.com.mx\/index.php\/wp-json\/wp\/v2\/posts\/66432\/revisions"}],"wp:featuredmedia":[{"embeddable":true,"href":"https:\/\/politicosaldesnudo.com.mx\/index.php\/wp-json\/wp\/v2\/media\/66433"}],"wp:attachment":[{"href":"https:\/\/politicosaldesnudo.com.mx\/index.php\/wp-json\/wp\/v2\/media?parent=66432"}],"wp:term":[{"taxonomy":"category","embeddable":true,"href":"https:\/\/politicosaldesnudo.com.mx\/index.php\/wp-json\/wp\/v2\/categories?post=66432"},{"taxonomy":"post_tag","embeddable":true,"href":"https:\/\/politicosaldesnudo.com.mx\/index.php\/wp-json\/wp\/v2\/tags?post=66432"}],"curies":[{"name":"wp","href":"https:\/\/api.w.org\/{rel}","templated":true}]}}