{"id":66444,"date":"2025-07-09T00:02:27","date_gmt":"2025-07-09T06:02:27","guid":{"rendered":"https:\/\/politicosaldesnudo.com.mx\/?p=66444"},"modified":"2025-07-08T22:22:59","modified_gmt":"2025-07-09T04:22:59","slug":"termina-la-feria-de-santiago","status":"publish","type":"post","link":"https:\/\/politicosaldesnudo.com.mx\/index.php\/2025\/07\/09\/termina-la-feria-de-santiago\/","title":{"rendered":"Termina la Feria de Santiago"},"content":{"rendered":"<p>Con gran \u00e9xito culminaron las actividades de la tradicional feria de la congregaci\u00f3n de Santiago de la Pe\u00f1a, donde los habitantes de la comunidad expresaron su satisfacci\u00f3n y reconocieron el arduo trabajo del comit\u00e9 organizador, que logr\u00f3 ofrecer un evento disfrutable tanto para los residentes como para los visitantes.<\/p>\n<p>La feria, que a\u00f1o con a\u00f1o se espera con entusiasmo, se destac\u00f3 por la gran afluencia de personas y el ambiente festivo que prevaleci\u00f3 durante todas las actividades.<\/p>\n<p>Los ciudadanos comentaron que el esfuerzo del comit\u00e9 encabezado por el agente municipal Juan Rosas, fue clave para el buen desarrollo de los eventos, permitiendo que la comunidad y quienes llegaron de fuera gozaran de una feria llena de alegr\u00eda y tradici\u00f3n.<\/p>\n<p>Sin embargo, a pesar de la alegr\u00eda por el \u00e9xito, los habitantes manifestaron una preocupaci\u00f3n, que radica en la necesidad de que sean los propios ciudadanos quienes asuman la responsabilidad de organizar este tipo de actividades para visibilizar su comunidad, a pesar de este lamento, se mostraron contentos y orgullosos de la respuesta ciudadana, que una vez m\u00e1s demostr\u00f3 su capacidad de organizaci\u00f3n y participaci\u00f3n activa para sacar adelante proyectos en beneficio de Santiago de la Pe\u00f1a.<\/p>\n<p>La participaci\u00f3n y el entusiasmo de los habitantes fueron cruciales para hacer de esta feria una celebraci\u00f3n memorable, reafirmando el esp\u00edritu comunitario que caracteriza a esta congregaci\u00f3n que quiere seguir creciendo y desarroll\u00e1ndose.<\/p>\n","protected":false},"excerpt":{"rendered":"<p>Con gran \u00e9xito culminaron las actividades de la tradicional feria de la congregaci\u00f3n de Santiago de la Pe\u00f1a, donde los<\/p>\n","protected":false},"author":4,"featured_media":66445,"comment_status":"closed","ping_status":"closed","sticky":false,"template":"","format":"standard","meta":{"colormag_page_container_layout":"default_layout","colormag_page_sidebar_layout":"default_layout","_jetpack_memberships_contains_paid_content":false,"footnotes":"","jetpack_publicize_message":"","jetpack_publicize_feature_enabled":true,"jetpack_social_post_already_shared":true,"jetpack_social_options":{"image_generator_settings":{"template":"highway","default_image_id":0,"font":"","enabled":false},"version":2}},"categories":[1082],"tags":[],"class_list":["post-66444","post","type-post","status-publish","format-standard","has-post-thumbnail","hentry","category-tuxpan"],"jetpack_publicize_connections":[],"jetpack_featured_media_url":"https:\/\/i0.wp.com\/politicosaldesnudo.com.mx\/wp-content\/uploads\/2025\/07\/WhatsApp-Image-2025-07-08-at-16.55.43.jpg?fit=1600%2C726&ssl=1","jetpack-related-posts":[],"jetpack_sharing_enabled":true,"_links":{"self":[{"href":"https:\/\/politicosaldesnudo.com.mx\/index.php\/wp-json\/wp\/v2\/posts\/66444","targetHints":{"allow":["GET"]}}],"collection":[{"href":"https:\/\/politicosaldesnudo.com.mx\/index.php\/wp-json\/wp\/v2\/posts"}],"about":[{"href":"https:\/\/politicosaldesnudo.com.mx\/index.php\/wp-json\/wp\/v2\/types\/post"}],"author":[{"embeddable":true,"href":"https:\/\/politicosaldesnudo.com.mx\/index.php\/wp-json\/wp\/v2\/users\/4"}],"replies":[{"embeddable":true,"href":"https:\/\/politicosaldesnudo.com.mx\/index.php\/wp-json\/wp\/v2\/comments?post=66444"}],"version-history":[{"count":0,"href":"https:\/\/politicosaldesnudo.com.mx\/index.php\/wp-json\/wp\/v2\/posts\/66444\/revisions"}],"wp:featuredmedia":[{"embeddable":true,"href":"https:\/\/politicosaldesnudo.com.mx\/index.php\/wp-json\/wp\/v2\/media\/66445"}],"wp:attachment":[{"href":"https:\/\/politicosaldesnudo.com.mx\/index.php\/wp-json\/wp\/v2\/media?parent=66444"}],"wp:term":[{"taxonomy":"category","embeddable":true,"href":"https:\/\/politicosaldesnudo.com.mx\/index.php\/wp-json\/wp\/v2\/categories?post=66444"},{"taxonomy":"post_tag","embeddable":true,"href":"https:\/\/politicosaldesnudo.com.mx\/index.php\/wp-json\/wp\/v2\/tags?post=66444"}],"curies":[{"name":"wp","href":"https:\/\/api.w.org\/{rel}","templated":true}]}}