{"id":66447,"date":"2025-07-09T00:03:25","date_gmt":"2025-07-09T06:03:25","guid":{"rendered":"https:\/\/politicosaldesnudo.com.mx\/?p=66447"},"modified":"2025-07-08T22:24:03","modified_gmt":"2025-07-09T04:24:03","slug":"reconstruiremos-la-confianza-de-las-comunidades-con-acciones-y-resultados-daniel-cortina","status":"publish","type":"post","link":"https:\/\/politicosaldesnudo.com.mx\/index.php\/2025\/07\/09\/reconstruiremos-la-confianza-de-las-comunidades-con-acciones-y-resultados-daniel-cortina\/","title":{"rendered":"Reconstruiremos la confianza de las comunidades con acciones y resultados: Daniel Cortina"},"content":{"rendered":"<p>En reuni\u00f3n con integrantes de las 56 comunidades que ya cuentan con la certificaci\u00f3n ante el Instituto Nacional de Pueblos Ind\u00edgenas (INPI), lo cual les permite obtener los recursos que por derecho les corresponde, Daniel Cortina Mart\u00ednez, Presidente Municipal Electo, afirm\u00f3 que una de las prioridades de su administraci\u00f3n ser\u00e1 la atenci\u00f3n inmediata de todas las localidades de Tuxpan.<\/p>\n<p>Asegur\u00f3 que se reconstruir\u00e1 la confianza con la gente trabajadora y honesta del campo, con acciones y resultados, despu\u00e9s de a\u00f1os de abandono y promesas que nunca se hicieron realidad.<\/p>\n<p>En dicho encuentro donde estuvieron presentes la Mtra. Beatriz Pi\u00f1a Vergara, S\u00edndica \u00danica del Ayuntamiento; Luis Luna Vicente, Director Nacional del INPI y la Lic. Josefa Mendoza Luna, Promotora de Derechos Ind\u00edgenas, Cortina Mart\u00ednez refrend\u00f3 su compromiso de fortalecer al sector rural con la aplicaci\u00f3n de recursos y programas directos para su beneficio.<\/p>\n<p>El Legislador Local record\u00f3 que fue el Gobierno de la Cuarta Transformaci\u00f3n el primero en reconocer a los pueblos ind\u00edgenas y afromexicano como sujetos de derecho p\u00fablico, para superar las condiciones de pobreza, marginaci\u00f3n, desigualdad, exclusi\u00f3n y discriminaci\u00f3n que hist\u00f3rica y estructuralmente han vivido.<\/p>\n<p>M\u00e1s tarde, recorri\u00f3 las comunidades Juan Zumaya, Laja de Zapote Bueno, Laja de Colom\u00e1n, Buenavista y Palma Morelos, en cada una de ellos expres\u00f3 que en su administraci\u00f3n habr\u00e1 servidores p\u00fablicos de territorio no de escritorio.<\/p>\n<p>Acompa\u00f1ado de agentes municipales y pobladores, Daniel Cortina enfatiz\u00f3 que tendr\u00e1n una estrecha coordinaci\u00f3n entre los tres niveles de gobierno, para darles pronta respuesta a sus necesidades.<\/p>\n","protected":false},"excerpt":{"rendered":"<p>En reuni\u00f3n con integrantes de las 56 comunidades que ya cuentan con la certificaci\u00f3n ante el Instituto Nacional de Pueblos<\/p>\n","protected":false},"author":4,"featured_media":66448,"comment_status":"closed","ping_status":"closed","sticky":false,"template":"","format":"standard","meta":{"colormag_page_container_layout":"default_layout","colormag_page_sidebar_layout":"default_layout","_jetpack_memberships_contains_paid_content":false,"footnotes":"","jetpack_publicize_message":"","jetpack_publicize_feature_enabled":true,"jetpack_social_post_already_shared":true,"jetpack_social_options":{"image_generator_settings":{"template":"highway","default_image_id":0,"font":"","enabled":false},"version":2}},"categories":[1082],"tags":[],"class_list":["post-66447","post","type-post","status-publish","format-standard","has-post-thumbnail","hentry","category-tuxpan"],"jetpack_publicize_connections":[],"jetpack_featured_media_url":"https:\/\/i0.wp.com\/politicosaldesnudo.com.mx\/wp-content\/uploads\/2025\/07\/WhatsApp-Image-2025-07-08-at-20.44.16-2-scaled.jpeg?fit=2560%2C1707&ssl=1","jetpack-related-posts":[],"jetpack_sharing_enabled":true,"_links":{"self":[{"href":"https:\/\/politicosaldesnudo.com.mx\/index.php\/wp-json\/wp\/v2\/posts\/66447","targetHints":{"allow":["GET"]}}],"collection":[{"href":"https:\/\/politicosaldesnudo.com.mx\/index.php\/wp-json\/wp\/v2\/posts"}],"about":[{"href":"https:\/\/politicosaldesnudo.com.mx\/index.php\/wp-json\/wp\/v2\/types\/post"}],"author":[{"embeddable":true,"href":"https:\/\/politicosaldesnudo.com.mx\/index.php\/wp-json\/wp\/v2\/users\/4"}],"replies":[{"embeddable":true,"href":"https:\/\/politicosaldesnudo.com.mx\/index.php\/wp-json\/wp\/v2\/comments?post=66447"}],"version-history":[{"count":0,"href":"https:\/\/politicosaldesnudo.com.mx\/index.php\/wp-json\/wp\/v2\/posts\/66447\/revisions"}],"wp:featuredmedia":[{"embeddable":true,"href":"https:\/\/politicosaldesnudo.com.mx\/index.php\/wp-json\/wp\/v2\/media\/66448"}],"wp:attachment":[{"href":"https:\/\/politicosaldesnudo.com.mx\/index.php\/wp-json\/wp\/v2\/media?parent=66447"}],"wp:term":[{"taxonomy":"category","embeddable":true,"href":"https:\/\/politicosaldesnudo.com.mx\/index.php\/wp-json\/wp\/v2\/categories?post=66447"},{"taxonomy":"post_tag","embeddable":true,"href":"https:\/\/politicosaldesnudo.com.mx\/index.php\/wp-json\/wp\/v2\/tags?post=66447"}],"curies":[{"name":"wp","href":"https:\/\/api.w.org\/{rel}","templated":true}]}}