{"id":66456,"date":"2025-07-09T00:06:34","date_gmt":"2025-07-09T06:06:34","guid":{"rendered":"https:\/\/politicosaldesnudo.com.mx\/?p=66456"},"modified":"2025-07-08T22:50:46","modified_gmt":"2025-07-09T04:50:46","slug":"en-scjn-transicion-buena-tersa-por-el-bien-de-mexico-hugo-aguilar","status":"publish","type":"post","link":"https:\/\/politicosaldesnudo.com.mx\/index.php\/2025\/07\/09\/en-scjn-transicion-buena-tersa-por-el-bien-de-mexico-hugo-aguilar\/","title":{"rendered":"En SCJN, \u00abtransici\u00f3n buena, tersa, por el bien de M\u00e9xico\u00bb: Hugo Aguilar"},"content":{"rendered":"<div id=\"article-content-tts\" class=\"nota-contenido mb-5\">\n<div id=\"content_nitf\">\n<p class=\"nota-justify\">Despu\u00e9s de casi tres horas de reuni\u00f3n con la ministra presidenta Norma Pi\u00f1a Hern\u00e1ndez, su futuro sucesor, el ministro electo Hugo Aguilar Ortiz, concluy\u00f3 que fue un buen encuentro, con miras a llevar una \u201ctransici\u00f3n tersa, por el bien de M\u00e9xico\u201d.<\/p>\n<p>Se trata del segundo encuentro entre Pi\u00f1a y Aguilar, en el que tambi\u00e9n acordaron crear grupos de trabajo para la transici\u00f3n, ante la nueva integraci\u00f3n que iniciar\u00e1 funciones el pr\u00f3ximo 1 de septiembre. Fuentes de la Corte informaron que la primera reuni\u00f3n se celebr\u00f3 la semana pasada.<\/p>\n<p>\u2014\u00bfC\u00f3mo le fue en la reuni\u00f3n? \u2014pregunt\u00f3 la prensa al ministro electo, al salir en su veh\u00edculo del edificio sede del m\u00e1ximo tribunal del pa\u00eds, ubicado en el Centro Hist\u00f3rico de la Ciudad de M\u00e9xico.<\/p>\n<p>\u201cTodo bien, todo bien, todo sali\u00f3 bien. Vamos a hacer una transici\u00f3n buena, tersa, por el bien de M\u00e9xico. Todo est\u00e1 bien. Gracias\u201d, respondi\u00f3.<\/p>\n<p>El jurista de origen mixteco no entr\u00f3 en detalles sobre los temas abordados con la togada; s\u00f3lo dijo que se enfocaron en \u201cla transici\u00f3n de la Corte, la parte del Consejo de la Judicatura. Vamos a constituir grupos de trabajo para ir avanzando\u201d.<\/p>\n<p>Tambi\u00e9n, ante las preguntas, reiter\u00f3 que habr\u00e1 un di\u00e1logo abierto, institucional, y que trabajar\u00e1n de manera continua.<\/p>\n<p>Por ahora, dijo, no se ha fijado fecha para un tercer encuentro. Mientras tanto, avanzar\u00e1n mediante ambos equipos de trabajo y \u201cde ah\u00ed vamos haciendo cortes\u201d.<\/p>\n<p>\u201cS\u00ed, estuvimos en una sala de reuniones, platicamos bien, todo va a caminar\u201d, agreg\u00f3.<\/p>\n<p>En la reuni\u00f3n de trabajo tambi\u00e9n estuvieron presentes la oficial mayor de la Corte, Gisela Morales Gonz\u00e1lez, la secretaria general de la Presidencia, Natalia Reyes Heroles, y dos personas m\u00e1s del equipo de Aguilar.<\/p>\n<\/div>\n<\/div>\n<div class=\"notas-relacionadas\"><\/div>\n<div class=\"nota-tags\"><\/div>\n","protected":false},"excerpt":{"rendered":"<p>Despu\u00e9s de casi tres horas de reuni\u00f3n con la ministra presidenta Norma Pi\u00f1a Hern\u00e1ndez, su futuro sucesor, el ministro electo<\/p>\n","protected":false},"author":4,"featured_media":66457,"comment_status":"closed","ping_status":"closed","sticky":false,"template":"","format":"standard","meta":{"colormag_page_container_layout":"default_layout","colormag_page_sidebar_layout":"default_layout","_jetpack_memberships_contains_paid_content":false,"footnotes":"","jetpack_publicize_message":"","jetpack_publicize_feature_enabled":true,"jetpack_social_post_already_shared":true,"jetpack_social_options":{"image_generator_settings":{"template":"highway","default_image_id":0,"font":"","enabled":false},"version":2}},"categories":[33],"tags":[],"class_list":["post-66456","post","type-post","status-publish","format-standard","has-post-thumbnail","hentry","category-nacional"],"jetpack_publicize_connections":[],"jetpack_featured_media_url":"https:\/\/i0.wp.com\/politicosaldesnudo.com.mx\/wp-content\/uploads\/2025\/07\/AGUI.jpg?fit=778%2C519&ssl=1","jetpack-related-posts":[],"jetpack_sharing_enabled":true,"_links":{"self":[{"href":"https:\/\/politicosaldesnudo.com.mx\/index.php\/wp-json\/wp\/v2\/posts\/66456","targetHints":{"allow":["GET"]}}],"collection":[{"href":"https:\/\/politicosaldesnudo.com.mx\/index.php\/wp-json\/wp\/v2\/posts"}],"about":[{"href":"https:\/\/politicosaldesnudo.com.mx\/index.php\/wp-json\/wp\/v2\/types\/post"}],"author":[{"embeddable":true,"href":"https:\/\/politicosaldesnudo.com.mx\/index.php\/wp-json\/wp\/v2\/users\/4"}],"replies":[{"embeddable":true,"href":"https:\/\/politicosaldesnudo.com.mx\/index.php\/wp-json\/wp\/v2\/comments?post=66456"}],"version-history":[{"count":0,"href":"https:\/\/politicosaldesnudo.com.mx\/index.php\/wp-json\/wp\/v2\/posts\/66456\/revisions"}],"wp:featuredmedia":[{"embeddable":true,"href":"https:\/\/politicosaldesnudo.com.mx\/index.php\/wp-json\/wp\/v2\/media\/66457"}],"wp:attachment":[{"href":"https:\/\/politicosaldesnudo.com.mx\/index.php\/wp-json\/wp\/v2\/media?parent=66456"}],"wp:term":[{"taxonomy":"category","embeddable":true,"href":"https:\/\/politicosaldesnudo.com.mx\/index.php\/wp-json\/wp\/v2\/categories?post=66456"},{"taxonomy":"post_tag","embeddable":true,"href":"https:\/\/politicosaldesnudo.com.mx\/index.php\/wp-json\/wp\/v2\/tags?post=66456"}],"curies":[{"name":"wp","href":"https:\/\/api.w.org\/{rel}","templated":true}]}}