{"id":66459,"date":"2025-07-09T00:07:21","date_gmt":"2025-07-09T06:07:21","guid":{"rendered":"https:\/\/politicosaldesnudo.com.mx\/?p=66459"},"modified":"2025-07-08T22:52:33","modified_gmt":"2025-07-09T04:52:33","slug":"renuncian-dos-de-los-principales-directores-de-estructura-operativa-del-ine","status":"publish","type":"post","link":"https:\/\/politicosaldesnudo.com.mx\/index.php\/2025\/07\/09\/renuncian-dos-de-los-principales-directores-de-estructura-operativa-del-ine\/","title":{"rendered":"Renuncian dos de los principales directores de estructura operativa del INE"},"content":{"rendered":"<p class=\"nota-justify\">Dos de los principales directores en la estructura operativa del Instituto Nacional Electoral (INE) presentaron su renuncia, misma que fue aceptada por la presidenta, Guadalupe Taddei.<\/p>\n<p class=\"nota-justify\">Esta ma\u00f1ana se hizo oficial la salida de Miguel Angel Pati\u00f1o, a la direcci\u00f3n ejecutiva de Organizaci\u00f3n, y de Mar\u00eda Elena Cornejo, directora de Capacitaci\u00f3n y Educaci\u00f3n Electoral.<\/p>\n<p class=\"nota-justify\">En ambas posiciones se esperan relevos del grupo cercano a Taddei; al primero llega Roberto Carlos F\u00e9lix, hasta hoy responsable del Servicio Profesional Nacional Electoral (SPEN), mientras que al segundo un especialista igualmente del primer c\u00edrculo de la consejera presidenta.<\/p>\n<p class=\"nota-justify\">Fuentes del \u00f3rgano dijeron que Pati\u00f1o es parte del SPEN, de ah\u00ed que no saldr\u00eda del INE sino que ser\u00eda colocado en otra \u00e1rea, por ejemplo, una vocal\u00eda (estructura descentralizada).<\/p>\n<p class=\"nota-justify\">A su vez, la vacante del SPEN ser\u00eda ocupada por Jorge Egren Moreno Troncoso, hasta ahora director de Administraci\u00f3n de los Tiempos del Estado en Radio y Televisi\u00f3n, \u00e1rea perteneciente a la direcci\u00f3n de Prerrogativas y Partidos Pol\u00edticos.<\/p>\n<p class=\"nota-justify\">Apenas concluy\u00f3 la responsabilidad del INE, en cuanto a la ejecuci\u00f3n de la elecci\u00f3n judicial, empezaron a moverse las aguas internas y a aflorar las disputas de los grupos de poder al interior, precisamente para colocar a los suyos en sitios clave.<\/p>\n<p>Por sentencia del Tribunal Electoral del Poder Judicial de la Federaci\u00f3n, Taddei tiene la facultad de hacer designaciones directas en los principales puestos del INE, cuyos funcionarios son parte de la Junta General Ejecutiva.<\/p>\n","protected":false},"excerpt":{"rendered":"<p>Dos de los principales directores en la estructura operativa del Instituto Nacional Electoral (INE) presentaron su renuncia, misma que fue<\/p>\n","protected":false},"author":4,"featured_media":66460,"comment_status":"closed","ping_status":"closed","sticky":false,"template":"","format":"standard","meta":{"colormag_page_container_layout":"default_layout","colormag_page_sidebar_layout":"default_layout","_jetpack_memberships_contains_paid_content":false,"footnotes":"","jetpack_publicize_message":"","jetpack_publicize_feature_enabled":true,"jetpack_social_post_already_shared":true,"jetpack_social_options":{"image_generator_settings":{"template":"highway","default_image_id":0,"font":"","enabled":false},"version":2}},"categories":[33],"tags":[],"class_list":["post-66459","post","type-post","status-publish","format-standard","has-post-thumbnail","hentry","category-nacional"],"jetpack_publicize_connections":[],"jetpack_featured_media_url":"https:\/\/i0.wp.com\/politicosaldesnudo.com.mx\/wp-content\/uploads\/2025\/07\/IN.jpg?fit=756%2C499&ssl=1","jetpack-related-posts":[],"jetpack_sharing_enabled":true,"_links":{"self":[{"href":"https:\/\/politicosaldesnudo.com.mx\/index.php\/wp-json\/wp\/v2\/posts\/66459","targetHints":{"allow":["GET"]}}],"collection":[{"href":"https:\/\/politicosaldesnudo.com.mx\/index.php\/wp-json\/wp\/v2\/posts"}],"about":[{"href":"https:\/\/politicosaldesnudo.com.mx\/index.php\/wp-json\/wp\/v2\/types\/post"}],"author":[{"embeddable":true,"href":"https:\/\/politicosaldesnudo.com.mx\/index.php\/wp-json\/wp\/v2\/users\/4"}],"replies":[{"embeddable":true,"href":"https:\/\/politicosaldesnudo.com.mx\/index.php\/wp-json\/wp\/v2\/comments?post=66459"}],"version-history":[{"count":0,"href":"https:\/\/politicosaldesnudo.com.mx\/index.php\/wp-json\/wp\/v2\/posts\/66459\/revisions"}],"wp:featuredmedia":[{"embeddable":true,"href":"https:\/\/politicosaldesnudo.com.mx\/index.php\/wp-json\/wp\/v2\/media\/66460"}],"wp:attachment":[{"href":"https:\/\/politicosaldesnudo.com.mx\/index.php\/wp-json\/wp\/v2\/media?parent=66459"}],"wp:term":[{"taxonomy":"category","embeddable":true,"href":"https:\/\/politicosaldesnudo.com.mx\/index.php\/wp-json\/wp\/v2\/categories?post=66459"},{"taxonomy":"post_tag","embeddable":true,"href":"https:\/\/politicosaldesnudo.com.mx\/index.php\/wp-json\/wp\/v2\/tags?post=66459"}],"curies":[{"name":"wp","href":"https:\/\/api.w.org\/{rel}","templated":true}]}}