{"id":66462,"date":"2025-07-09T00:08:17","date_gmt":"2025-07-09T06:08:17","guid":{"rendered":"https:\/\/politicosaldesnudo.com.mx\/?p=66462"},"modified":"2025-07-08T22:54:21","modified_gmt":"2025-07-09T04:54:21","slug":"reconocen-a-ministra-esquivel-mossa-por-su-labor-como-jurista","status":"publish","type":"post","link":"https:\/\/politicosaldesnudo.com.mx\/index.php\/2025\/07\/09\/reconocen-a-ministra-esquivel-mossa-por-su-labor-como-jurista\/","title":{"rendered":"Reconocen a ministra Esquivel Mossa por su labor como jurista"},"content":{"rendered":"<p class=\"nota-justify\">La ministra Yasm\u00edn Esquivel Mossa recibi\u00f3 un reconocimiento por su labor como jurista, de parte de las Asociaciones y Barras de Abogados del norte del Estado de M\u00e9xico, afiliadas a la Organizaci\u00f3n Mundial de Abogados (OMA) y el Corporativo Internacional Universitario (CIU).<\/p>\n<p class=\"nota-justify\">Las asociaciones de juristas le entregaron la Venera Abogado Benito Ju\u00e1rez Garc\u00eda como pilar de la democracia judicial en M\u00e9xico 2025.<\/p>\n<p class=\"nota-justify\">Durante la ceremonia, la ministra agradeci\u00f3 la distinci\u00f3n y refrend\u00f3 su compromiso de seguir trabajando a favor de una justicia humanista, cercana a la gente y de puertas abiertas para todos.<\/p>\n<p class=\"nota-justify\">\u201cAsimismo, pidi\u00f3 a los juristas sumarse para impulsar una justicia que ponga al centro a las personas, respetando su dignidad y sus derechos humanos\u201d, inform\u00f3 este martes su equipo de ponencia.<\/p>\n<p class=\"nota-justify\">En el evento participaron Adolfo N\u00fa\u00f1ez Pastor, presidente del comit\u00e9 organizador y vicepresidente de OMA M\u00e9xico; \u00d3scar Ju\u00e1rez C\u00e1rdenas, presidente del Consejo Ejecutivo Central de la OMA, y Mario Flores Gonzales, presidente del Magnus Collegium Togatorum del Tercer Millenni.<\/p>\n","protected":false},"excerpt":{"rendered":"<p>La ministra Yasm\u00edn Esquivel Mossa recibi\u00f3 un reconocimiento por su labor como jurista, de parte de las Asociaciones y Barras<\/p>\n","protected":false},"author":4,"featured_media":66463,"comment_status":"closed","ping_status":"closed","sticky":false,"template":"","format":"standard","meta":{"colormag_page_container_layout":"default_layout","colormag_page_sidebar_layout":"default_layout","_jetpack_memberships_contains_paid_content":false,"footnotes":"","jetpack_publicize_message":"","jetpack_publicize_feature_enabled":true,"jetpack_social_post_already_shared":true,"jetpack_social_options":{"image_generator_settings":{"template":"highway","default_image_id":0,"font":"","enabled":false},"version":2}},"categories":[33],"tags":[],"class_list":["post-66462","post","type-post","status-publish","format-standard","has-post-thumbnail","hentry","category-nacional"],"jetpack_publicize_connections":[],"jetpack_featured_media_url":"https:\/\/i0.wp.com\/politicosaldesnudo.com.mx\/wp-content\/uploads\/2025\/07\/FRAUD.jpg?fit=761%2C415&ssl=1","jetpack-related-posts":[],"jetpack_sharing_enabled":true,"_links":{"self":[{"href":"https:\/\/politicosaldesnudo.com.mx\/index.php\/wp-json\/wp\/v2\/posts\/66462","targetHints":{"allow":["GET"]}}],"collection":[{"href":"https:\/\/politicosaldesnudo.com.mx\/index.php\/wp-json\/wp\/v2\/posts"}],"about":[{"href":"https:\/\/politicosaldesnudo.com.mx\/index.php\/wp-json\/wp\/v2\/types\/post"}],"author":[{"embeddable":true,"href":"https:\/\/politicosaldesnudo.com.mx\/index.php\/wp-json\/wp\/v2\/users\/4"}],"replies":[{"embeddable":true,"href":"https:\/\/politicosaldesnudo.com.mx\/index.php\/wp-json\/wp\/v2\/comments?post=66462"}],"version-history":[{"count":0,"href":"https:\/\/politicosaldesnudo.com.mx\/index.php\/wp-json\/wp\/v2\/posts\/66462\/revisions"}],"wp:featuredmedia":[{"embeddable":true,"href":"https:\/\/politicosaldesnudo.com.mx\/index.php\/wp-json\/wp\/v2\/media\/66463"}],"wp:attachment":[{"href":"https:\/\/politicosaldesnudo.com.mx\/index.php\/wp-json\/wp\/v2\/media?parent=66462"}],"wp:term":[{"taxonomy":"category","embeddable":true,"href":"https:\/\/politicosaldesnudo.com.mx\/index.php\/wp-json\/wp\/v2\/categories?post=66462"},{"taxonomy":"post_tag","embeddable":true,"href":"https:\/\/politicosaldesnudo.com.mx\/index.php\/wp-json\/wp\/v2\/tags?post=66462"}],"curies":[{"name":"wp","href":"https:\/\/api.w.org\/{rel}","templated":true}]}}