{"id":66486,"date":"2025-07-09T00:16:23","date_gmt":"2025-07-09T06:16:23","guid":{"rendered":"https:\/\/politicosaldesnudo.com.mx\/?p=66486"},"modified":"2025-07-08T23:11:45","modified_gmt":"2025-07-09T05:11:45","slug":"afectados-por-los-huracanes-en-acapulco-busca-nuevos-espacios-de-venta","status":"publish","type":"post","link":"https:\/\/politicosaldesnudo.com.mx\/index.php\/2025\/07\/09\/afectados-por-los-huracanes-en-acapulco-busca-nuevos-espacios-de-venta\/","title":{"rendered":"Afectados por los huracanes en Acapulco busca nuevos espacios de venta"},"content":{"rendered":"<p class=\"nota-justify\">Prestadores de servicios de la playa Revolcadero, en la zona Diamante del puerto, iniciaron la ma\u00f1ana de este martes la colocaci\u00f3n de unas 15 enramadas en una extensi\u00f3n de aproximadamente 15 metros en la franja de arena, entre el muro del hotel Pierre Marqu\u00e9s y donde revienta la \u00faltima ola.<\/p>\n<p class=\"nota-justify\">Explicaron que tienen la esperanza y la necesidad de levantarse en este pr\u00f3ximo periodo vacacional de verano, pues en las \u00faltimas horas se registr\u00f3 un descenso en el nivel del mar, apenas suficiente para instalar sillas, mesas, sombrillas y enramadas, casi al estilo de Puerto Marqu\u00e9s, aunque el oleaje en este lugar es un poco m\u00e1s intenso y el espacio m\u00e1s reducido.<\/p>\n<p class=\"nota-justify\">En los primeros seis meses del a\u00f1o, la naturaleza ha impedido el comercio y el servicio de restaurantes en playa Revolcadero, pues salvo un breve periodo antes de la Semana Santa, el resto del a\u00f1o, desde el paso del hurac\u00e1n\u00a0<i>John<\/i>, del 23 al 27 de septiembre pasado, la franja de arena desapareci\u00f3 debido al incremento del oleaje y el nivel del mar.<\/p>\n<p class=\"nota-justify\">Para llegar al \u00fanico sector de la franja de arena donde es posible laborar, se debe caminar a trav\u00e9s de la \u00abla puerta negra\u00bb de un predio de aproximadamente una hect\u00e1rea y media, donde los restauranteros resguardan parte de su mobiliario, pues las olas contin\u00faan socavando la plaza de Revolcadero y es imposible ingresar a la playa por el acceso principal.<\/p>\n<p class=\"nota-justify\">Respecto al proyecto de reconstrucci\u00f3n tras el paso del hurac\u00e1n John, impulsado por autoridades del sector turismo, concesionarios manifestaron que \u00abnos sentimos con los ojos vendados, no nos han presentado el proyecto, no conocemos las medidas de los locales que quieren hacer, su ubicaci\u00f3n, la visibilidad\u00bb.<\/p>\n<p class=\"nota-justify\">Detallaron que \u00abel proyecto lo manejan como arcoiris, por colores, pero sin especificar los detalles\u00bb.<\/p>\n<p class=\"nota-justify\">Don Luis, restaurantero del lugar, expres\u00f3 que \u00abel fin de semana se me fueron dos autobuses, son mis clientes, los tuve que mandar a Puerto Marqu\u00e9s porque no ten\u00edamos lugar en la playa para atenderlos\u00bb.<\/p>\n<p class=\"nota-justify\">El mesero Jes\u00fas Castillo se apura a llevar una mojarra y camarones a tres turistas que acaban de llegar, con la esperanza de concretar una venta.<\/p>\n","protected":false},"excerpt":{"rendered":"<p>Prestadores de servicios de la playa Revolcadero, en la zona Diamante del puerto, iniciaron la ma\u00f1ana de este martes la<\/p>\n","protected":false},"author":4,"featured_media":66487,"comment_status":"closed","ping_status":"closed","sticky":false,"template":"","format":"standard","meta":{"colormag_page_container_layout":"default_layout","colormag_page_sidebar_layout":"default_layout","_jetpack_memberships_contains_paid_content":false,"footnotes":"","jetpack_publicize_message":"","jetpack_publicize_feature_enabled":true,"jetpack_social_post_already_shared":true,"jetpack_social_options":{"image_generator_settings":{"template":"highway","default_image_id":0,"font":"","enabled":false},"version":2}},"categories":[30],"tags":[],"class_list":["post-66486","post","type-post","status-publish","format-standard","has-post-thumbnail","hentry","category-estados"],"jetpack_publicize_connections":[],"jetpack_featured_media_url":"https:\/\/i0.wp.com\/politicosaldesnudo.com.mx\/wp-content\/uploads\/2025\/07\/acaafe.jpg?fit=761%2C344&ssl=1","jetpack-related-posts":[],"jetpack_sharing_enabled":true,"_links":{"self":[{"href":"https:\/\/politicosaldesnudo.com.mx\/index.php\/wp-json\/wp\/v2\/posts\/66486","targetHints":{"allow":["GET"]}}],"collection":[{"href":"https:\/\/politicosaldesnudo.com.mx\/index.php\/wp-json\/wp\/v2\/posts"}],"about":[{"href":"https:\/\/politicosaldesnudo.com.mx\/index.php\/wp-json\/wp\/v2\/types\/post"}],"author":[{"embeddable":true,"href":"https:\/\/politicosaldesnudo.com.mx\/index.php\/wp-json\/wp\/v2\/users\/4"}],"replies":[{"embeddable":true,"href":"https:\/\/politicosaldesnudo.com.mx\/index.php\/wp-json\/wp\/v2\/comments?post=66486"}],"version-history":[{"count":0,"href":"https:\/\/politicosaldesnudo.com.mx\/index.php\/wp-json\/wp\/v2\/posts\/66486\/revisions"}],"wp:featuredmedia":[{"embeddable":true,"href":"https:\/\/politicosaldesnudo.com.mx\/index.php\/wp-json\/wp\/v2\/media\/66487"}],"wp:attachment":[{"href":"https:\/\/politicosaldesnudo.com.mx\/index.php\/wp-json\/wp\/v2\/media?parent=66486"}],"wp:term":[{"taxonomy":"category","embeddable":true,"href":"https:\/\/politicosaldesnudo.com.mx\/index.php\/wp-json\/wp\/v2\/categories?post=66486"},{"taxonomy":"post_tag","embeddable":true,"href":"https:\/\/politicosaldesnudo.com.mx\/index.php\/wp-json\/wp\/v2\/tags?post=66486"}],"curies":[{"name":"wp","href":"https:\/\/api.w.org\/{rel}","templated":true}]}}