{"id":66489,"date":"2025-07-09T00:17:23","date_gmt":"2025-07-09T06:17:23","guid":{"rendered":"https:\/\/politicosaldesnudo.com.mx\/?p=66489"},"modified":"2025-07-08T23:13:41","modified_gmt":"2025-07-09T05:13:41","slug":"solicita-eu-a-ecuador-extradicion-de-lider-mafioso-recapturado-fito","status":"publish","type":"post","link":"https:\/\/politicosaldesnudo.com.mx\/index.php\/2025\/07\/09\/solicita-eu-a-ecuador-extradicion-de-lider-mafioso-recapturado-fito\/","title":{"rendered":"Solicita EU a Ecuador extradici\u00f3n de l\u00edder mafioso recapturado &#8216;Fito&#8217;"},"content":{"rendered":"<p class=\"nota-justify\">Estados Unidos pidi\u00f3 este martes a Ecuador la extradici\u00f3n del \u201cFito\u201d, el m\u00e1ximo narcotraficante del pa\u00eds suramericano que hace dos semanas fue recapturado tras escapar de una c\u00e1rcel, inform\u00f3 la Suprema Corte Nacional de Justicia (CNJ).<\/p>\n<p class=\"nota-justify\">Luego de fugarse en enero de 2024 de una prisi\u00f3n de Guayaquil (suroeste) en la que cumpl\u00eda una pena de 34 a\u00f1os, Adolfo Mac\u00edas volvi\u00f3 a ser detenido en su natal Manta, un puerto pesquero basti\u00f3n de su banda \u201cLos Choneros\u201d, dedicada tambi\u00e9n al tr\u00e1fico de armas y sicariato.<\/p>\n<p class=\"nota-justify\">La fiscal\u00eda estadunidense lo acus\u00f3 en abril de siete cargos, como tr\u00e1fico de coca\u00edna y armamento. A trav\u00e9s del ministerio ecuatoriano de Relaciones Exteriores, Washington present\u00f3 ante el presidente de la CNJ, Jos\u00e9 Suing Nagua, el \u00abpedido formal de extradici\u00f3n\u00bb de \u201cFito\u201d, quien \u00abes requerido por la justicia del pa\u00eds norteamericano\u00bb, se\u00f1al\u00f3 la instituci\u00f3n en un comunicado.<\/p>\n<p class=\"nota-justify\">A\u00f1adi\u00f3 que \u00abel proceso de extradici\u00f3n pasiva se tramitar\u00e1 de conformidad con el ordenamiento jur\u00eddico ecuatoriano\u00bb.<\/p>\n<p class=\"nota-justify\">Antes de escapar, el capo estaba en prisi\u00f3n desde 2011. Se convertir\u00e1 en el primer ecuatoriano en ser extraditado, despu\u00e9s de ser aprobada la entrega de nacionales en un referendo celebrado en abril de 2024 como propuso el mandatario Daniel Noboa, quien sostiene una guerra contra el crimen organizado.<\/p>\n<p class=\"nota-justify\">Fito \u00abera un l\u00edder despiadado y un narcotraficante prol\u00edfico para una violenta organizaci\u00f3n criminal transnacional\u00bb, sostuvo en abril el fiscal del Tribunal del Distrito Este de Brooklyn, John Durham.<\/p>\n<p>&nbsp;<\/p>\n","protected":false},"excerpt":{"rendered":"<p>Estados Unidos pidi\u00f3 este martes a Ecuador la extradici\u00f3n del \u201cFito\u201d, el m\u00e1ximo narcotraficante del pa\u00eds suramericano que hace dos<\/p>\n","protected":false},"author":4,"featured_media":66490,"comment_status":"closed","ping_status":"closed","sticky":false,"template":"","format":"standard","meta":{"colormag_page_container_layout":"default_layout","colormag_page_sidebar_layout":"default_layout","_jetpack_memberships_contains_paid_content":false,"footnotes":"","jetpack_publicize_message":"","jetpack_publicize_feature_enabled":true,"jetpack_social_post_already_shared":true,"jetpack_social_options":{"image_generator_settings":{"template":"highway","default_image_id":0,"font":"","enabled":false},"version":2}},"categories":[28],"tags":[],"class_list":["post-66489","post","type-post","status-publish","format-standard","has-post-thumbnail","hentry","category-internacional"],"jetpack_publicize_connections":[],"jetpack_featured_media_url":"https:\/\/i0.wp.com\/politicosaldesnudo.com.mx\/wp-content\/uploads\/2025\/07\/fitco.jpg?fit=781%2C578&ssl=1","jetpack-related-posts":[],"jetpack_sharing_enabled":true,"_links":{"self":[{"href":"https:\/\/politicosaldesnudo.com.mx\/index.php\/wp-json\/wp\/v2\/posts\/66489","targetHints":{"allow":["GET"]}}],"collection":[{"href":"https:\/\/politicosaldesnudo.com.mx\/index.php\/wp-json\/wp\/v2\/posts"}],"about":[{"href":"https:\/\/politicosaldesnudo.com.mx\/index.php\/wp-json\/wp\/v2\/types\/post"}],"author":[{"embeddable":true,"href":"https:\/\/politicosaldesnudo.com.mx\/index.php\/wp-json\/wp\/v2\/users\/4"}],"replies":[{"embeddable":true,"href":"https:\/\/politicosaldesnudo.com.mx\/index.php\/wp-json\/wp\/v2\/comments?post=66489"}],"version-history":[{"count":0,"href":"https:\/\/politicosaldesnudo.com.mx\/index.php\/wp-json\/wp\/v2\/posts\/66489\/revisions"}],"wp:featuredmedia":[{"embeddable":true,"href":"https:\/\/politicosaldesnudo.com.mx\/index.php\/wp-json\/wp\/v2\/media\/66490"}],"wp:attachment":[{"href":"https:\/\/politicosaldesnudo.com.mx\/index.php\/wp-json\/wp\/v2\/media?parent=66489"}],"wp:term":[{"taxonomy":"category","embeddable":true,"href":"https:\/\/politicosaldesnudo.com.mx\/index.php\/wp-json\/wp\/v2\/categories?post=66489"},{"taxonomy":"post_tag","embeddable":true,"href":"https:\/\/politicosaldesnudo.com.mx\/index.php\/wp-json\/wp\/v2\/tags?post=66489"}],"curies":[{"name":"wp","href":"https:\/\/api.w.org\/{rel}","templated":true}]}}