{"id":66503,"date":"2025-07-09T13:06:10","date_gmt":"2025-07-09T19:06:10","guid":{"rendered":"https:\/\/politicosaldesnudo.com.mx\/?p=66503"},"modified":"2025-07-09T13:06:10","modified_gmt":"2025-07-09T19:06:10","slug":"debate-entre-letrado-y-politico","status":"publish","type":"post","link":"https:\/\/politicosaldesnudo.com.mx\/index.php\/2025\/07\/09\/debate-entre-letrado-y-politico\/","title":{"rendered":"Debate entre letrado y pol\u00edtico"},"content":{"rendered":"<p>La Academia de Derecho Penal del Colegio Nacional de Abogados Foro de M\u00e9xico, A.C, estima seg\u00fan su leal saber y entender que el debate es enorme catalizador de la Justicia. Esto suena, tal vez, a descomunal o a singularidad ideol\u00f3gica.<\/p>\n<p>Al efecto habr\u00eda que pensar en dos clases de debate, a saber, el solidario con la justicia y el destructivo para ella.<\/p>\n<p>Lo que acontece es que el debate destructivo es una especie de anti-justicia que utilizan los pol\u00edticos.<\/p>\n<p>Hay senadores de la Cuarta Transformaci\u00f3n de la Naci\u00f3n, por ejemplo, que debaten con elocuencia y son, a no dudarlo, unos merolicos de fuste. Utilizan el debate s\u00f3lo para destruir a la justicia. Manipulan la tribuna, s\u00f3lo para causarle un mal a nuestros recintos.<\/p>\n<p>En otro sentido meditemos en un debate para la justicia. Imaginen en un recinto a una toga independiente que defiende la verdad del derecho y de la justicia frente a un legislador defensor de la mentira, de la falsedad, de la ignominia.<\/p>\n<p>Ambos se enfrentan y debaten. Reduciendo el ejemplo se encuentra que en el legislador su debate ser\u00e1 injurioso, calumniador y difamador para la justicia. Ese ser\u00eda un debate -con insignificancia-.<\/p>\n<p>El letrado e instruido en las artes de justicia, dar\u00eda inicio diciendo que el debate comienza por ser un instrumento, un medio, un argumento para buscar y encontrar la verdad y claridad de la justicia. El debate se maneja admirablemente y con conocimiento de causa. La toga que se porta es prueba de ello. Pero ese debate en s\u00ed es deleite para la justicia que lo escucha.<\/p>\n<p>En continuidad a ese orden de ideas resulta que el debate &#8211;el min\u00fasculo\u2013 puede y es un catalizador de odio para la justicia.<\/p>\n<p>La historia jur\u00eddica patria y la Cuarta Transformaci\u00f3n de la Naci\u00f3n de Andr\u00e9s Manuel L\u00f3pez Obrador, lo ha demostrado en m\u00faltiples ocasiones.<\/p>\n<p>Aclaradas as\u00ed las cosas, por lo menos en parte, no es dif\u00edcil sostener para la Academia de Derecho Penal del Colegio Nacional de Abogados Foro de M\u00e9xico A.C, que el debate es el catalizador de la justicia, por desear y buscar el bien para M\u00e9xico &#8211;en el contexto pol\u00edtico\u2013 \u00a0y ello se expresa por medio del derecho aplicado al debate. El derecho es, por lo tanto, una expresi\u00f3n social de la justicia que anhela M\u00e9xico.<\/p>\n<p>Finalmente s\u00f3lo cabr\u00eda preguntar \u00bfen un debate entre abogado y pol\u00edtico, gana o pierde la justicia?.<\/p>\n<p>Es cu\u00e1nto.<\/p>\n<p><img data-recalc-dims=\"1\" loading=\"lazy\" decoding=\"async\" class=\"aligncenter size-full wp-image-66285\" src=\"https:\/\/i0.wp.com\/politicosaldesnudo.com.mx\/wp-content\/uploads\/2025\/07\/FIRMA-EDITORIAL-PD-1.jpg?resize=800%2C98&#038;ssl=1\" alt=\"\" width=\"800\" height=\"98\" srcset=\"https:\/\/i0.wp.com\/politicosaldesnudo.com.mx\/wp-content\/uploads\/2025\/07\/FIRMA-EDITORIAL-PD-1.jpg?w=1024&amp;ssl=1 1024w, https:\/\/i0.wp.com\/politicosaldesnudo.com.mx\/wp-content\/uploads\/2025\/07\/FIRMA-EDITORIAL-PD-1.jpg?resize=300%2C37&amp;ssl=1 300w, https:\/\/i0.wp.com\/politicosaldesnudo.com.mx\/wp-content\/uploads\/2025\/07\/FIRMA-EDITORIAL-PD-1.jpg?resize=768%2C94&amp;ssl=1 768w\" sizes=\"auto, (max-width: 800px) 100vw, 800px\" \/><\/p>\n","protected":false},"excerpt":{"rendered":"<p>La Academia de Derecho Penal del Colegio Nacional de Abogados Foro de M\u00e9xico, A.C, estima seg\u00fan su leal saber y<\/p>\n","protected":false},"author":4,"featured_media":52149,"comment_status":"closed","ping_status":"closed","sticky":false,"template":"","format":"standard","meta":{"colormag_page_container_layout":"default_layout","colormag_page_sidebar_layout":"default_layout","_jetpack_memberships_contains_paid_content":false,"footnotes":"","jetpack_publicize_message":"","jetpack_publicize_feature_enabled":true,"jetpack_social_post_already_shared":true,"jetpack_social_options":{"image_generator_settings":{"template":"highway","default_image_id":0,"font":"","enabled":false},"version":2}},"categories":[26],"tags":[],"class_list":["post-66503","post","type-post","status-publish","format-standard","has-post-thumbnail","hentry","category-columnistas"],"jetpack_publicize_connections":[],"jetpack_featured_media_url":"https:\/\/i0.wp.com\/politicosaldesnudo.com.mx\/wp-content\/uploads\/2024\/12\/WOODLRICH.jpg?fit=800%2C445&ssl=1","jetpack-related-posts":[],"jetpack_sharing_enabled":true,"_links":{"self":[{"href":"https:\/\/politicosaldesnudo.com.mx\/index.php\/wp-json\/wp\/v2\/posts\/66503","targetHints":{"allow":["GET"]}}],"collection":[{"href":"https:\/\/politicosaldesnudo.com.mx\/index.php\/wp-json\/wp\/v2\/posts"}],"about":[{"href":"https:\/\/politicosaldesnudo.com.mx\/index.php\/wp-json\/wp\/v2\/types\/post"}],"author":[{"embeddable":true,"href":"https:\/\/politicosaldesnudo.com.mx\/index.php\/wp-json\/wp\/v2\/users\/4"}],"replies":[{"embeddable":true,"href":"https:\/\/politicosaldesnudo.com.mx\/index.php\/wp-json\/wp\/v2\/comments?post=66503"}],"version-history":[{"count":0,"href":"https:\/\/politicosaldesnudo.com.mx\/index.php\/wp-json\/wp\/v2\/posts\/66503\/revisions"}],"wp:featuredmedia":[{"embeddable":true,"href":"https:\/\/politicosaldesnudo.com.mx\/index.php\/wp-json\/wp\/v2\/media\/52149"}],"wp:attachment":[{"href":"https:\/\/politicosaldesnudo.com.mx\/index.php\/wp-json\/wp\/v2\/media?parent=66503"}],"wp:term":[{"taxonomy":"category","embeddable":true,"href":"https:\/\/politicosaldesnudo.com.mx\/index.php\/wp-json\/wp\/v2\/categories?post=66503"},{"taxonomy":"post_tag","embeddable":true,"href":"https:\/\/politicosaldesnudo.com.mx\/index.php\/wp-json\/wp\/v2\/tags?post=66503"}],"curies":[{"name":"wp","href":"https:\/\/api.w.org\/{rel}","templated":true}]}}