{"id":66509,"date":"2025-07-09T20:08:21","date_gmt":"2025-07-10T02:08:21","guid":{"rendered":"https:\/\/politicosaldesnudo.com.mx\/?p=66509"},"modified":"2025-07-09T20:08:21","modified_gmt":"2025-07-10T02:08:21","slug":"se-intensifica-la-limpieza-de-canales-y-zanjas-en-varias-colonias-de-la-ciudad-para-reducir-el-riesgo-de-inundaciones","status":"publish","type":"post","link":"https:\/\/politicosaldesnudo.com.mx\/index.php\/2025\/07\/09\/se-intensifica-la-limpieza-de-canales-y-zanjas-en-varias-colonias-de-la-ciudad-para-reducir-el-riesgo-de-inundaciones\/","title":{"rendered":"Se intensifica la limpieza de canales y zanjas en varias colonias de la ciudad para reducir el riesgo de inundaciones"},"content":{"rendered":"<p>Tuxpan, Ver. 9 de julio de 2025.- Para reducir los riesgos de inundaci\u00f3n en partes bajas de la ciudad, el Gobierno de Tuxpan ha intensificado los trabajos de limpieza general y desazolve de canales y zanjas.<\/p>\n<p><img data-recalc-dims=\"1\" loading=\"lazy\" decoding=\"async\" class=\"aligncenter size-large wp-image-66517\" src=\"https:\/\/i0.wp.com\/politicosaldesnudo.com.mx\/wp-content\/uploads\/2025\/07\/WhatsApp-Image-2025-07-09-at-14.14.46-1024x715.jpeg?resize=800%2C559&#038;ssl=1\" alt=\"\" width=\"800\" height=\"559\" srcset=\"https:\/\/i0.wp.com\/politicosaldesnudo.com.mx\/wp-content\/uploads\/2025\/07\/WhatsApp-Image-2025-07-09-at-14.14.46.jpeg?resize=1024%2C715&amp;ssl=1 1024w, https:\/\/i0.wp.com\/politicosaldesnudo.com.mx\/wp-content\/uploads\/2025\/07\/WhatsApp-Image-2025-07-09-at-14.14.46.jpeg?resize=300%2C209&amp;ssl=1 300w, https:\/\/i0.wp.com\/politicosaldesnudo.com.mx\/wp-content\/uploads\/2025\/07\/WhatsApp-Image-2025-07-09-at-14.14.46.jpeg?resize=768%2C536&amp;ssl=1 768w, https:\/\/i0.wp.com\/politicosaldesnudo.com.mx\/wp-content\/uploads\/2025\/07\/WhatsApp-Image-2025-07-09-at-14.14.46.jpeg?resize=1536%2C1072&amp;ssl=1 1536w, https:\/\/i0.wp.com\/politicosaldesnudo.com.mx\/wp-content\/uploads\/2025\/07\/WhatsApp-Image-2025-07-09-at-14.14.46.jpeg?resize=130%2C90&amp;ssl=1 130w, https:\/\/i0.wp.com\/politicosaldesnudo.com.mx\/wp-content\/uploads\/2025\/07\/WhatsApp-Image-2025-07-09-at-14.14.46.jpeg?w=1600&amp;ssl=1 1600w\" sizes=\"auto, (max-width: 800px) 100vw, 800px\" \/> <img data-recalc-dims=\"1\" loading=\"lazy\" decoding=\"async\" class=\"aligncenter size-large wp-image-66516\" src=\"https:\/\/i0.wp.com\/politicosaldesnudo.com.mx\/wp-content\/uploads\/2025\/07\/WhatsApp-Image-2025-07-09-at-14.14.45-1024x753.jpeg?resize=800%2C588&#038;ssl=1\" alt=\"\" width=\"800\" height=\"588\" srcset=\"https:\/\/i0.wp.com\/politicosaldesnudo.com.mx\/wp-content\/uploads\/2025\/07\/WhatsApp-Image-2025-07-09-at-14.14.45.jpeg?resize=1024%2C753&amp;ssl=1 1024w, https:\/\/i0.wp.com\/politicosaldesnudo.com.mx\/wp-content\/uploads\/2025\/07\/WhatsApp-Image-2025-07-09-at-14.14.45.jpeg?resize=300%2C221&amp;ssl=1 300w, https:\/\/i0.wp.com\/politicosaldesnudo.com.mx\/wp-content\/uploads\/2025\/07\/WhatsApp-Image-2025-07-09-at-14.14.45.jpeg?resize=768%2C564&amp;ssl=1 768w, https:\/\/i0.wp.com\/politicosaldesnudo.com.mx\/wp-content\/uploads\/2025\/07\/WhatsApp-Image-2025-07-09-at-14.14.45.jpeg?resize=1536%2C1129&amp;ssl=1 1536w, https:\/\/i0.wp.com\/politicosaldesnudo.com.mx\/wp-content\/uploads\/2025\/07\/WhatsApp-Image-2025-07-09-at-14.14.45.jpeg?w=1600&amp;ssl=1 1600w\" sizes=\"auto, (max-width: 800px) 100vw, 800px\" \/><\/p>\n<p>El alcalde Dr. Jes\u00fas Fomperoza Torres gir\u00f3 instrucciones a Obras P\u00fablicas para que se incorpore m\u00e1s personal, maquinaria y camiones para acelerar los trabajos y atender, en el menor tiempo posible, las solicitudes presentadas por la ciudadan\u00eda.<\/p>\n<p><img data-recalc-dims=\"1\" loading=\"lazy\" decoding=\"async\" class=\"aligncenter size-large wp-image-66515\" src=\"https:\/\/i0.wp.com\/politicosaldesnudo.com.mx\/wp-content\/uploads\/2025\/07\/WhatsApp-Image-2025-07-09-at-14.14.45-1-1024x770.jpeg?resize=800%2C602&#038;ssl=1\" alt=\"\" width=\"800\" height=\"602\" srcset=\"https:\/\/i0.wp.com\/politicosaldesnudo.com.mx\/wp-content\/uploads\/2025\/07\/WhatsApp-Image-2025-07-09-at-14.14.45-1.jpeg?resize=1024%2C770&amp;ssl=1 1024w, https:\/\/i0.wp.com\/politicosaldesnudo.com.mx\/wp-content\/uploads\/2025\/07\/WhatsApp-Image-2025-07-09-at-14.14.45-1.jpeg?resize=300%2C226&amp;ssl=1 300w, https:\/\/i0.wp.com\/politicosaldesnudo.com.mx\/wp-content\/uploads\/2025\/07\/WhatsApp-Image-2025-07-09-at-14.14.45-1.jpeg?resize=768%2C577&amp;ssl=1 768w, https:\/\/i0.wp.com\/politicosaldesnudo.com.mx\/wp-content\/uploads\/2025\/07\/WhatsApp-Image-2025-07-09-at-14.14.45-1.jpeg?resize=1536%2C1155&amp;ssl=1 1536w, https:\/\/i0.wp.com\/politicosaldesnudo.com.mx\/wp-content\/uploads\/2025\/07\/WhatsApp-Image-2025-07-09-at-14.14.45-1.jpeg?w=1600&amp;ssl=1 1600w\" sizes=\"auto, (max-width: 800px) 100vw, 800px\" \/> <img data-recalc-dims=\"1\" loading=\"lazy\" decoding=\"async\" class=\"aligncenter size-large wp-image-66514\" src=\"https:\/\/i0.wp.com\/politicosaldesnudo.com.mx\/wp-content\/uploads\/2025\/07\/WhatsApp-Image-2025-07-09-at-14.14.44-1024x770.jpeg?resize=800%2C602&#038;ssl=1\" alt=\"\" width=\"800\" height=\"602\" srcset=\"https:\/\/i0.wp.com\/politicosaldesnudo.com.mx\/wp-content\/uploads\/2025\/07\/WhatsApp-Image-2025-07-09-at-14.14.44.jpeg?resize=1024%2C770&amp;ssl=1 1024w, https:\/\/i0.wp.com\/politicosaldesnudo.com.mx\/wp-content\/uploads\/2025\/07\/WhatsApp-Image-2025-07-09-at-14.14.44.jpeg?resize=300%2C226&amp;ssl=1 300w, https:\/\/i0.wp.com\/politicosaldesnudo.com.mx\/wp-content\/uploads\/2025\/07\/WhatsApp-Image-2025-07-09-at-14.14.44.jpeg?resize=768%2C577&amp;ssl=1 768w, https:\/\/i0.wp.com\/politicosaldesnudo.com.mx\/wp-content\/uploads\/2025\/07\/WhatsApp-Image-2025-07-09-at-14.14.44.jpeg?resize=1536%2C1155&amp;ssl=1 1536w, https:\/\/i0.wp.com\/politicosaldesnudo.com.mx\/wp-content\/uploads\/2025\/07\/WhatsApp-Image-2025-07-09-at-14.14.44.jpeg?w=1600&amp;ssl=1 1600w\" sizes=\"auto, (max-width: 800px) 100vw, 800px\" \/><\/p>\n<p>El despliegue incluye la atenci\u00f3n de los canales que cruzan por las colonias An\u00e1huac, Reyes Heroles, 17 de Octubre, Ampliaci\u00f3n Rodr\u00edguez Cano, Carlos Salinas de Gortari, Las Delicias y La Calzada.<\/p>\n<p><img data-recalc-dims=\"1\" loading=\"lazy\" decoding=\"async\" class=\"aligncenter size-large wp-image-66513\" src=\"https:\/\/i0.wp.com\/politicosaldesnudo.com.mx\/wp-content\/uploads\/2025\/07\/WhatsApp-Image-2025-07-09-at-14.14.43-1024x767.jpeg?resize=800%2C599&#038;ssl=1\" alt=\"\" width=\"800\" height=\"599\" srcset=\"https:\/\/i0.wp.com\/politicosaldesnudo.com.mx\/wp-content\/uploads\/2025\/07\/WhatsApp-Image-2025-07-09-at-14.14.43.jpeg?resize=1024%2C767&amp;ssl=1 1024w, https:\/\/i0.wp.com\/politicosaldesnudo.com.mx\/wp-content\/uploads\/2025\/07\/WhatsApp-Image-2025-07-09-at-14.14.43.jpeg?resize=300%2C225&amp;ssl=1 300w, https:\/\/i0.wp.com\/politicosaldesnudo.com.mx\/wp-content\/uploads\/2025\/07\/WhatsApp-Image-2025-07-09-at-14.14.43.jpeg?resize=768%2C575&amp;ssl=1 768w, https:\/\/i0.wp.com\/politicosaldesnudo.com.mx\/wp-content\/uploads\/2025\/07\/WhatsApp-Image-2025-07-09-at-14.14.43.jpeg?resize=1536%2C1150&amp;ssl=1 1536w, https:\/\/i0.wp.com\/politicosaldesnudo.com.mx\/wp-content\/uploads\/2025\/07\/WhatsApp-Image-2025-07-09-at-14.14.43.jpeg?w=1600&amp;ssl=1 1600w\" sizes=\"auto, (max-width: 800px) 100vw, 800px\" \/> <img data-recalc-dims=\"1\" loading=\"lazy\" decoding=\"async\" class=\"aligncenter size-large wp-image-66512\" src=\"https:\/\/i0.wp.com\/politicosaldesnudo.com.mx\/wp-content\/uploads\/2025\/07\/WhatsApp-Image-2025-07-09-at-14.14.42-1024x770.jpeg?resize=800%2C602&#038;ssl=1\" alt=\"\" width=\"800\" height=\"602\" srcset=\"https:\/\/i0.wp.com\/politicosaldesnudo.com.mx\/wp-content\/uploads\/2025\/07\/WhatsApp-Image-2025-07-09-at-14.14.42.jpeg?resize=1024%2C770&amp;ssl=1 1024w, https:\/\/i0.wp.com\/politicosaldesnudo.com.mx\/wp-content\/uploads\/2025\/07\/WhatsApp-Image-2025-07-09-at-14.14.42.jpeg?resize=300%2C226&amp;ssl=1 300w, https:\/\/i0.wp.com\/politicosaldesnudo.com.mx\/wp-content\/uploads\/2025\/07\/WhatsApp-Image-2025-07-09-at-14.14.42.jpeg?resize=768%2C577&amp;ssl=1 768w, https:\/\/i0.wp.com\/politicosaldesnudo.com.mx\/wp-content\/uploads\/2025\/07\/WhatsApp-Image-2025-07-09-at-14.14.42.jpeg?resize=1536%2C1155&amp;ssl=1 1536w, https:\/\/i0.wp.com\/politicosaldesnudo.com.mx\/wp-content\/uploads\/2025\/07\/WhatsApp-Image-2025-07-09-at-14.14.42.jpeg?w=1600&amp;ssl=1 1600w\" sizes=\"auto, (max-width: 800px) 100vw, 800px\" \/><\/p>\n<p>En forma paralela se est\u00e1 llevando a cabo la reparaci\u00f3n y sustituci\u00f3n de rejillas rotas para hacer m\u00e1s eficiente la funci\u00f3n de los drenes pluviales.<\/p>\n<p><img data-recalc-dims=\"1\" loading=\"lazy\" decoding=\"async\" class=\"aligncenter size-large wp-image-66511\" src=\"https:\/\/i0.wp.com\/politicosaldesnudo.com.mx\/wp-content\/uploads\/2025\/07\/WhatsApp-Image-2025-07-09-at-14.14.42-2-1024x770.jpeg?resize=800%2C602&#038;ssl=1\" alt=\"\" width=\"800\" height=\"602\" srcset=\"https:\/\/i0.wp.com\/politicosaldesnudo.com.mx\/wp-content\/uploads\/2025\/07\/WhatsApp-Image-2025-07-09-at-14.14.42-2.jpeg?resize=1024%2C770&amp;ssl=1 1024w, https:\/\/i0.wp.com\/politicosaldesnudo.com.mx\/wp-content\/uploads\/2025\/07\/WhatsApp-Image-2025-07-09-at-14.14.42-2.jpeg?resize=300%2C226&amp;ssl=1 300w, https:\/\/i0.wp.com\/politicosaldesnudo.com.mx\/wp-content\/uploads\/2025\/07\/WhatsApp-Image-2025-07-09-at-14.14.42-2.jpeg?resize=768%2C577&amp;ssl=1 768w, https:\/\/i0.wp.com\/politicosaldesnudo.com.mx\/wp-content\/uploads\/2025\/07\/WhatsApp-Image-2025-07-09-at-14.14.42-2.jpeg?resize=1536%2C1155&amp;ssl=1 1536w, https:\/\/i0.wp.com\/politicosaldesnudo.com.mx\/wp-content\/uploads\/2025\/07\/WhatsApp-Image-2025-07-09-at-14.14.42-2.jpeg?w=1600&amp;ssl=1 1600w\" sizes=\"auto, (max-width: 800px) 100vw, 800px\" \/><\/p>\n<p>En esta temporada de lluvias y ciclones tropicales es una prioridad mantener la eficiencia de las zanjas y canales para evitar inundaciones.<\/p>\n","protected":false},"excerpt":{"rendered":"<p>Tuxpan, Ver. 9 de julio de 2025.- Para reducir los riesgos de inundaci\u00f3n en partes bajas de la ciudad, el<\/p>\n","protected":false},"author":4,"featured_media":66510,"comment_status":"closed","ping_status":"closed","sticky":false,"template":"","format":"standard","meta":{"colormag_page_container_layout":"default_layout","colormag_page_sidebar_layout":"default_layout","_jetpack_memberships_contains_paid_content":false,"footnotes":"","jetpack_publicize_message":"","jetpack_publicize_feature_enabled":true,"jetpack_social_post_already_shared":true,"jetpack_social_options":{"image_generator_settings":{"template":"highway","default_image_id":0,"font":"","enabled":false},"version":2}},"categories":[3205,1082],"tags":[],"class_list":["post-66509","post","type-post","status-publish","format-standard","has-post-thumbnail","hentry","category-gobierno-tuxpan","category-tuxpan"],"jetpack_publicize_connections":[],"jetpack_featured_media_url":"https:\/\/i0.wp.com\/politicosaldesnudo.com.mx\/wp-content\/uploads\/2025\/07\/WhatsApp-Image-2025-07-09-at-14.14.42-1.jpeg?fit=1600%2C1203&ssl=1","jetpack-related-posts":[],"jetpack_sharing_enabled":true,"_links":{"self":[{"href":"https:\/\/politicosaldesnudo.com.mx\/index.php\/wp-json\/wp\/v2\/posts\/66509","targetHints":{"allow":["GET"]}}],"collection":[{"href":"https:\/\/politicosaldesnudo.com.mx\/index.php\/wp-json\/wp\/v2\/posts"}],"about":[{"href":"https:\/\/politicosaldesnudo.com.mx\/index.php\/wp-json\/wp\/v2\/types\/post"}],"author":[{"embeddable":true,"href":"https:\/\/politicosaldesnudo.com.mx\/index.php\/wp-json\/wp\/v2\/users\/4"}],"replies":[{"embeddable":true,"href":"https:\/\/politicosaldesnudo.com.mx\/index.php\/wp-json\/wp\/v2\/comments?post=66509"}],"version-history":[{"count":0,"href":"https:\/\/politicosaldesnudo.com.mx\/index.php\/wp-json\/wp\/v2\/posts\/66509\/revisions"}],"wp:featuredmedia":[{"embeddable":true,"href":"https:\/\/politicosaldesnudo.com.mx\/index.php\/wp-json\/wp\/v2\/media\/66510"}],"wp:attachment":[{"href":"https:\/\/politicosaldesnudo.com.mx\/index.php\/wp-json\/wp\/v2\/media?parent=66509"}],"wp:term":[{"taxonomy":"category","embeddable":true,"href":"https:\/\/politicosaldesnudo.com.mx\/index.php\/wp-json\/wp\/v2\/categories?post=66509"},{"taxonomy":"post_tag","embeddable":true,"href":"https:\/\/politicosaldesnudo.com.mx\/index.php\/wp-json\/wp\/v2\/tags?post=66509"}],"curies":[{"name":"wp","href":"https:\/\/api.w.org\/{rel}","templated":true}]}}