{"id":66519,"date":"2025-07-10T00:01:39","date_gmt":"2025-07-10T06:01:39","guid":{"rendered":"https:\/\/politicosaldesnudo.com.mx\/?p=66519"},"modified":"2025-07-09T20:11:45","modified_gmt":"2025-07-10T02:11:45","slug":"corporaciones-de-seguridad-mantienen-vigilancia-activa-ante-periodo-vacacional","status":"publish","type":"post","link":"https:\/\/politicosaldesnudo.com.mx\/index.php\/2025\/07\/10\/corporaciones-de-seguridad-mantienen-vigilancia-activa-ante-periodo-vacacional\/","title":{"rendered":"Corporaciones de seguridad mantienen vigilancia activa, ante periodo vacacional"},"content":{"rendered":"<p>La Secretar\u00eda de Seguridad P\u00fablica del municipio de Tuxpan ha emitido una serie de recomendaciones tanto para instituciones educativas como para ciudadanos y turistas, con el objetivo de prevenir incidentes y garantizar la seguridad durante esta temporada.<\/p>\n<p>Guillermo Al\u00e1n V\u00e1zquez Guti\u00e9rrez, titular de la corporaci\u00f3n, se\u00f1al\u00f3 que en el caso de las escuelas se est\u00e1 haciendo un llamado a directivos, maestros y padres de familia para que refuercen las medidas de seguridad en las instalaciones. Entre las principales acciones recomendadas se encuentran el cierre de todas las llaves, portones y salones, as\u00ed como la protecci\u00f3n de \u00e1reas donde haya material de valor. Adem\u00e1s, se sugiere que las escuelas tengan uno o dos accesos debidamente asegurados y, en la medida de lo posible, instalar c\u00e1maras de videovigilancia. Tambi\u00e9n se invita a que los padres o vecinos realicen recorridos peri\u00f3dicos para detectar cualquier anomal\u00eda.<\/p>\n<p>En cuanto al turismo, V\u00e1zquez Guti\u00e9rrez inform\u00f3 que se desplegar\u00e1 personal de seguridad en puntos estrat\u00e9gicos como playas, plazas comerciales, zonas recreativas y \u00e1reas de alta afluencia como el Parque Ribere\u00f1o, el Parque Reforma y la Plaza C\u00edvica. El objetivo es mantener una presencia cercana y brindar confianza tanto a los ciudadanos tuxpe\u00f1os como a los visitantes, con el apoyo de corporaciones municipales, estatales y federales.<\/p>\n<p>El funcionario reiter\u00f3 que se mantendr\u00e1 vigilancia activa y que cualquier situaci\u00f3n de emergencia podr\u00e1 ser reportada a trav\u00e9s del 911. Finalmente, destac\u00f3 la importancia de la coordinaci\u00f3n entre instituciones y ciudadan\u00eda para que esta temporada transcurra sin incidentes.<\/p>\n","protected":false},"excerpt":{"rendered":"<p>La Secretar\u00eda de Seguridad P\u00fablica del municipio de Tuxpan ha emitido una serie de recomendaciones tanto para instituciones educativas como<\/p>\n","protected":false},"author":4,"featured_media":66520,"comment_status":"closed","ping_status":"closed","sticky":false,"template":"","format":"standard","meta":{"colormag_page_container_layout":"default_layout","colormag_page_sidebar_layout":"default_layout","_jetpack_memberships_contains_paid_content":false,"footnotes":"","jetpack_publicize_message":"","jetpack_publicize_feature_enabled":true,"jetpack_social_post_already_shared":true,"jetpack_social_options":{"image_generator_settings":{"template":"highway","default_image_id":0,"font":"","enabled":false},"version":2}},"categories":[1082],"tags":[],"class_list":["post-66519","post","type-post","status-publish","format-standard","has-post-thumbnail","hentry","category-tuxpan"],"jetpack_publicize_connections":[],"jetpack_featured_media_url":"https:\/\/i0.wp.com\/politicosaldesnudo.com.mx\/wp-content\/uploads\/2025\/07\/VI.jpg?fit=632%2C521&ssl=1","jetpack-related-posts":[],"jetpack_sharing_enabled":true,"_links":{"self":[{"href":"https:\/\/politicosaldesnudo.com.mx\/index.php\/wp-json\/wp\/v2\/posts\/66519","targetHints":{"allow":["GET"]}}],"collection":[{"href":"https:\/\/politicosaldesnudo.com.mx\/index.php\/wp-json\/wp\/v2\/posts"}],"about":[{"href":"https:\/\/politicosaldesnudo.com.mx\/index.php\/wp-json\/wp\/v2\/types\/post"}],"author":[{"embeddable":true,"href":"https:\/\/politicosaldesnudo.com.mx\/index.php\/wp-json\/wp\/v2\/users\/4"}],"replies":[{"embeddable":true,"href":"https:\/\/politicosaldesnudo.com.mx\/index.php\/wp-json\/wp\/v2\/comments?post=66519"}],"version-history":[{"count":0,"href":"https:\/\/politicosaldesnudo.com.mx\/index.php\/wp-json\/wp\/v2\/posts\/66519\/revisions"}],"wp:featuredmedia":[{"embeddable":true,"href":"https:\/\/politicosaldesnudo.com.mx\/index.php\/wp-json\/wp\/v2\/media\/66520"}],"wp:attachment":[{"href":"https:\/\/politicosaldesnudo.com.mx\/index.php\/wp-json\/wp\/v2\/media?parent=66519"}],"wp:term":[{"taxonomy":"category","embeddable":true,"href":"https:\/\/politicosaldesnudo.com.mx\/index.php\/wp-json\/wp\/v2\/categories?post=66519"},{"taxonomy":"post_tag","embeddable":true,"href":"https:\/\/politicosaldesnudo.com.mx\/index.php\/wp-json\/wp\/v2\/tags?post=66519"}],"curies":[{"name":"wp","href":"https:\/\/api.w.org\/{rel}","templated":true}]}}