{"id":66522,"date":"2025-07-10T00:02:52","date_gmt":"2025-07-10T06:02:52","guid":{"rendered":"https:\/\/politicosaldesnudo.com.mx\/?p=66522"},"modified":"2025-07-09T20:11:24","modified_gmt":"2025-07-10T02:11:24","slug":"invitan-a-limpieza-de-playas-para-el-proximo-16-de-julio","status":"publish","type":"post","link":"https:\/\/politicosaldesnudo.com.mx\/index.php\/2025\/07\/10\/invitan-a-limpieza-de-playas-para-el-proximo-16-de-julio\/","title":{"rendered":"Invitan a limpieza de playas para el pr\u00f3ximo 16 de julio"},"content":{"rendered":"<p>Con la participaci\u00f3n de dependencias de los tres niveles de gobierno, iniciativa privada, prestadores de servicios tur\u00edsticos y sociedad civil, el pr\u00f3ximo mi\u00e9rcoles 16 de julio se llevar\u00e1 a cabo una mega jornada de limpieza de playas en Tuxpan, as\u00ed lo dio a conocer Juan Pablo Alc\u00e1ntar Alvarado, secretario t\u00e9cnico del Ayuntamiento.<\/p>\n<p>Esta acci\u00f3n responde a la gran cantidad de palizada y basura arrastrada por las lluvias recientes desde la regi\u00f3n de \u00c1lamo, la cual ha llegado en grandes vol\u00famenes a las playas tuxpe\u00f1as. El operativo contar\u00e1 con el apoyo de dependencias como la Secretar\u00eda de Marina, SEDENA, CONANP, Capitan\u00eda de Puerto, ASIPONA, personal del Ayuntamiento y Asociaci\u00f3n de Hoteles, adem\u00e1s de al menos cuatro empresas privadas que aportar\u00e1n maquinaria pesada como retroexcavadoras, camiones de volteo y veh\u00edculos de carga.<\/p>\n<p>La limpieza se enfocar\u00e1 principalmente en la zona de la Barra Norte, desde el \u00e1rea cercana al faro hasta intentar llegar a playas como Galindo, donde normalmente no se realizan estas labores. El punto de reuni\u00f3n ser\u00e1 el estacionamiento p\u00fablico frente al faro, desde donde partir\u00e1n las cuadrillas hacia distintos frentes de trabajo. Alc\u00e1ntar Alvarado destac\u00f3 que esta ser\u00e1 una actividad marat\u00f3nica que podr\u00eda extenderse varios d\u00edas, debido a la magnitud del problema.<\/p>\n<p>Adem\u00e1s de recolectar palizada, se retirar\u00e1n pl\u00e1sticos y otros desechos que afectan al ecosistema. Las autoridades hicieron una invitaci\u00f3n abierta a la ciudadan\u00eda para sumarse a esta causa, ya sea integr\u00e1ndose a alguna de las cuadrillas o aportando herramientas y bolsas. La intenci\u00f3n es dejar las playas listas y limpias para el arranque pleno de la temporada vacacional\u00a0de\u00a0verano.<\/p>\n","protected":false},"excerpt":{"rendered":"<p>Con la participaci\u00f3n de dependencias de los tres niveles de gobierno, iniciativa privada, prestadores de servicios tur\u00edsticos y sociedad civil,<\/p>\n","protected":false},"author":4,"featured_media":66523,"comment_status":"closed","ping_status":"closed","sticky":false,"template":"","format":"standard","meta":{"colormag_page_container_layout":"default_layout","colormag_page_sidebar_layout":"default_layout","_jetpack_memberships_contains_paid_content":false,"footnotes":"","jetpack_publicize_message":"","jetpack_publicize_feature_enabled":true,"jetpack_social_post_already_shared":true,"jetpack_social_options":{"image_generator_settings":{"template":"highway","default_image_id":0,"font":"","enabled":false},"version":2}},"categories":[1082],"tags":[],"class_list":["post-66522","post","type-post","status-publish","format-standard","has-post-thumbnail","hentry","category-tuxpan"],"jetpack_publicize_connections":[],"jetpack_featured_media_url":"https:\/\/i0.wp.com\/politicosaldesnudo.com.mx\/wp-content\/uploads\/2025\/07\/PL.jpg?fit=1080%2C830&ssl=1","jetpack-related-posts":[],"jetpack_sharing_enabled":true,"_links":{"self":[{"href":"https:\/\/politicosaldesnudo.com.mx\/index.php\/wp-json\/wp\/v2\/posts\/66522","targetHints":{"allow":["GET"]}}],"collection":[{"href":"https:\/\/politicosaldesnudo.com.mx\/index.php\/wp-json\/wp\/v2\/posts"}],"about":[{"href":"https:\/\/politicosaldesnudo.com.mx\/index.php\/wp-json\/wp\/v2\/types\/post"}],"author":[{"embeddable":true,"href":"https:\/\/politicosaldesnudo.com.mx\/index.php\/wp-json\/wp\/v2\/users\/4"}],"replies":[{"embeddable":true,"href":"https:\/\/politicosaldesnudo.com.mx\/index.php\/wp-json\/wp\/v2\/comments?post=66522"}],"version-history":[{"count":0,"href":"https:\/\/politicosaldesnudo.com.mx\/index.php\/wp-json\/wp\/v2\/posts\/66522\/revisions"}],"wp:featuredmedia":[{"embeddable":true,"href":"https:\/\/politicosaldesnudo.com.mx\/index.php\/wp-json\/wp\/v2\/media\/66523"}],"wp:attachment":[{"href":"https:\/\/politicosaldesnudo.com.mx\/index.php\/wp-json\/wp\/v2\/media?parent=66522"}],"wp:term":[{"taxonomy":"category","embeddable":true,"href":"https:\/\/politicosaldesnudo.com.mx\/index.php\/wp-json\/wp\/v2\/categories?post=66522"},{"taxonomy":"post_tag","embeddable":true,"href":"https:\/\/politicosaldesnudo.com.mx\/index.php\/wp-json\/wp\/v2\/tags?post=66522"}],"curies":[{"name":"wp","href":"https:\/\/api.w.org\/{rel}","templated":true}]}}