{"id":66534,"date":"2025-07-10T00:06:15","date_gmt":"2025-07-10T06:06:15","guid":{"rendered":"https:\/\/politicosaldesnudo.com.mx\/?p=66534"},"modified":"2025-07-09T20:30:40","modified_gmt":"2025-07-10T02:30:40","slug":"morena-en-san-lazaro-va-por-prohibir-venta-de-bebidas-energeticas-a-menores","status":"publish","type":"post","link":"https:\/\/politicosaldesnudo.com.mx\/index.php\/2025\/07\/10\/morena-en-san-lazaro-va-por-prohibir-venta-de-bebidas-energeticas-a-menores\/","title":{"rendered":"Morena en San L\u00e1zaro va por prohibir venta de bebidas \u00abenerg\u00e9ticas\u00bb a menores"},"content":{"rendered":"<p>El grupo parlamentario de Morena en la C\u00e1mara de Diputados present\u00f3 una iniciativa que busca prohibir la venta de las llamadas bebidas \u201cenerg\u00e9ticas\u201d a menores de edad, debido a los posibles da\u00f1os f\u00edsicos y emocionales que pueden sufrir por su consumo.<\/p>\n<p>El documento ser\u00e1 discutido de manera prioritaria en el siguiente periodo ordinario de sesiones, a iniciar en septiembre, y en \u00e9l se propone reformar o adicionar diversos art\u00edculos de la Ley General de Salud, para definir qu\u00e9 son las mencionadas bebidas y establecer su prohibici\u00f3n para personas menores de 18 a\u00f1os, as\u00ed como las sanciones para quien viole este precepto.<\/p>\n<p>En la exposici\u00f3n de motivos de la propuesta, firmada por el coordinador de la bancada guinda, Ricardo Monreal, se indica que las bebidas \u201cenerg\u00e9ticas\u201d \u2013cuyo consumo ha aumentado, en particular entre los j\u00f3venes\u2014 contienen ingredientes como cafe\u00edna, taurina, glucuronolactona, vitaminas del complejo B y az\u00facar, adem\u00e1s de otros compuestos sint\u00e9ticos.<\/p>\n<p>Aunque al principio tienen un efecto estimulante del sistema nervioso central, dichos productos \u201cno son tan inofensivos como parecen\u201d, ya que su consumo constante puede generar m\u00faltiples da\u00f1os a nivel cardiovascular, gastroinstestinal, renal y odontol\u00f3gico, seg\u00fan reportes de diversos organismos nacionales e internacionales.<\/p>\n<p>\u201cLas personas que consumen este tipo de bebidas pueden presentar m\u00e1s de un afecto adverso. Llama la atenci\u00f3n la variedad de padecimientos que se le atribuibles al consumo de bebidas energ\u00e9ticas, entre los que pueden presentarse desde nausea y vomito hasta infartos y muerte con mayor probabilidad cuando se combinan con alcohol o con actividad f\u00edsica en condiciones de alta temperatura\u201d, a\u00f1adi\u00f3 el documento.<\/p>\n<p>Por lo que se refiere a la salud emocional y sicol\u00f3gica, la iniciativa se\u00f1ala que dichas bebidas provocan \u201ccambios bruscos en los niveles de energ\u00eda, que pueden generar alteraciones en el estado de \u00e1nimo\u201d, con sensaciones de euforia inicial, seguidas de agotamiento extremo.<\/p>\n<p>La propuesta legislativa alerta que \u201cla alta concentraci\u00f3n de cafe\u00edna puede ocasionar insomnio, ansiedad, nerviosismo y dificultades para concentrarse\u201d, lo que interfiere en el aprendizaje y el desarrollo cognitivo de los menores de edad, cuyo cerebro \u201cse encuentra en constante formaci\u00f3n, y los trastornos del sue\u00f1o o el estr\u00e9s causado por estas sustancias pueden tener un impacto significativo en habilidades como la memoria, la toma de decisiones y la estabilidad emocional\u201d.<\/p>\n<p>Debido a que el grupo poblacional que m\u00e1s consume estos productos diariamente es el de las personas de entre 15 y 18 a\u00f1os de edad, \u201ces responsabilidad del Estado establecer un marco normativo eficaz que los proteja ante cualquier riesgo o factor externo que interfiera con sus procesos naturales de desarrollo adecuado\u201d, indica el documento.<\/p>\n<p>Durante la infancia y adolescencia, enfatiz\u00f3 el proyecto de Monreal, \u201cel cuerpo experimenta cambios significativos que requieren de un entorno saludable para desarrollarse adecuadamente. Sin embargo, el acceso libre a las bebidas energizantes por parte de ni\u00f1as, ni\u00f1os y adolescentes, trae consigo potenciales afectaciones a la salud de este grupo poblacional\u201d.<\/p>\n<p>Por lo anterior, propone definir con claridad qu\u00e9 se entiende por bebida \u201cenerg\u00e9tica\u201d, mediante un listado de sus ingredientes, y subrayar que esos productos se comercializan \u201ccon el prop\u00f3sito de aumentar el nivel de alerta, concentraci\u00f3n, o energ\u00eda f\u00edsica o mental de quien la consuma\u201d.<\/p>\n<p>De igual forma, se plantea la prohibici\u00f3n sobre la venta, distribuci\u00f3n o suministro de bebidas energ\u00e9ticas a ni\u00f1os u adolescentes, por cualquier medio, y se proponen sanciones para quien incumpla la medida.<\/p>\n","protected":false},"excerpt":{"rendered":"<p>El grupo parlamentario de Morena en la C\u00e1mara de Diputados present\u00f3 una iniciativa que busca prohibir la venta de las<\/p>\n","protected":false},"author":4,"featured_media":66535,"comment_status":"closed","ping_status":"closed","sticky":false,"template":"","format":"standard","meta":{"colormag_page_container_layout":"default_layout","colormag_page_sidebar_layout":"default_layout","_jetpack_memberships_contains_paid_content":false,"footnotes":"","jetpack_publicize_message":"","jetpack_publicize_feature_enabled":true,"jetpack_social_post_already_shared":true,"jetpack_social_options":{"image_generator_settings":{"template":"highway","default_image_id":0,"font":"","enabled":false},"version":2}},"categories":[33],"tags":[],"class_list":["post-66534","post","type-post","status-publish","format-standard","has-post-thumbnail","hentry","category-nacional"],"jetpack_publicize_connections":[],"jetpack_featured_media_url":"https:\/\/i0.wp.com\/politicosaldesnudo.com.mx\/wp-content\/uploads\/2025\/07\/DIP.jpg?fit=752%2C431&ssl=1","jetpack-related-posts":[],"jetpack_sharing_enabled":true,"_links":{"self":[{"href":"https:\/\/politicosaldesnudo.com.mx\/index.php\/wp-json\/wp\/v2\/posts\/66534","targetHints":{"allow":["GET"]}}],"collection":[{"href":"https:\/\/politicosaldesnudo.com.mx\/index.php\/wp-json\/wp\/v2\/posts"}],"about":[{"href":"https:\/\/politicosaldesnudo.com.mx\/index.php\/wp-json\/wp\/v2\/types\/post"}],"author":[{"embeddable":true,"href":"https:\/\/politicosaldesnudo.com.mx\/index.php\/wp-json\/wp\/v2\/users\/4"}],"replies":[{"embeddable":true,"href":"https:\/\/politicosaldesnudo.com.mx\/index.php\/wp-json\/wp\/v2\/comments?post=66534"}],"version-history":[{"count":0,"href":"https:\/\/politicosaldesnudo.com.mx\/index.php\/wp-json\/wp\/v2\/posts\/66534\/revisions"}],"wp:featuredmedia":[{"embeddable":true,"href":"https:\/\/politicosaldesnudo.com.mx\/index.php\/wp-json\/wp\/v2\/media\/66535"}],"wp:attachment":[{"href":"https:\/\/politicosaldesnudo.com.mx\/index.php\/wp-json\/wp\/v2\/media?parent=66534"}],"wp:term":[{"taxonomy":"category","embeddable":true,"href":"https:\/\/politicosaldesnudo.com.mx\/index.php\/wp-json\/wp\/v2\/categories?post=66534"},{"taxonomy":"post_tag","embeddable":true,"href":"https:\/\/politicosaldesnudo.com.mx\/index.php\/wp-json\/wp\/v2\/tags?post=66534"}],"curies":[{"name":"wp","href":"https:\/\/api.w.org\/{rel}","templated":true}]}}