{"id":66537,"date":"2025-07-10T00:07:07","date_gmt":"2025-07-10T06:07:07","guid":{"rendered":"https:\/\/politicosaldesnudo.com.mx\/?p=66537"},"modified":"2025-07-09T20:37:28","modified_gmt":"2025-07-10T02:37:28","slug":"reunion-sg-ine-hablan-sobre-proximos-proceso-electorales","status":"publish","type":"post","link":"https:\/\/politicosaldesnudo.com.mx\/index.php\/2025\/07\/10\/reunion-sg-ine-hablan-sobre-proximos-proceso-electorales\/","title":{"rendered":"Reuni\u00f3n SG-INE: hablan sobre pr\u00f3ximos proceso electorales"},"content":{"rendered":"<p class=\"nota-justify\">Para \u201cplaticar sobre futuros procesos electorales\u201d, la secretaria de Gobernaci\u00f3n, Rosa Icela Rodr\u00edguez, se reuni\u00f3 con la presidenta del Instituto Nacional Electoral (INE), Guadalupe Taddei.<\/p>\n<p class=\"nota-justify\">\u201cSiempre es un honor trabajar con la presidenta del Consejo General del @INEMexico, Guadalupe Taddei. #Hoy nos reunimos para platicar sobre futuros procesos electorales.\ud83c\uddf2\ud83c\uddfd @Claudiashein\u201d, escribi\u00f3 la funcionaria federal en sus redes sociales.<\/p>\n<p class=\"nota-justify\">La reuni\u00f3n ocurre en momentos que la consejera proyecta cambios de funcionarios en \u00e1reas clave del \u00f3rgano.<\/p>\n<p class=\"nota-justify\">Esta ma\u00f1ana, a pregunta, espec\u00edfica, la presidenta Claudia Sheinbaum dijo que el INE tiene autonom\u00eda y que, en su caso, toca al \u00f3rgano explicar nombramientos y contrataciones en su \u00e1mbito.<\/p>\n<p class=\"nota-justify\">Asimismo, el INE elabora en estos d\u00edas el proyecto de presupuesto para 2026.<\/p>\n","protected":false},"excerpt":{"rendered":"<p>Para \u201cplaticar sobre futuros procesos electorales\u201d, la secretaria de Gobernaci\u00f3n, Rosa Icela Rodr\u00edguez, se reuni\u00f3 con la presidenta del Instituto<\/p>\n","protected":false},"author":4,"featured_media":66538,"comment_status":"closed","ping_status":"closed","sticky":false,"template":"","format":"standard","meta":{"colormag_page_container_layout":"default_layout","colormag_page_sidebar_layout":"default_layout","_jetpack_memberships_contains_paid_content":false,"footnotes":"","jetpack_publicize_message":"","jetpack_publicize_feature_enabled":true,"jetpack_social_post_already_shared":true,"jetpack_social_options":{"image_generator_settings":{"template":"highway","default_image_id":0,"font":"","enabled":false},"version":2}},"categories":[33],"tags":[],"class_list":["post-66537","post","type-post","status-publish","format-standard","has-post-thumbnail","hentry","category-nacional"],"jetpack_publicize_connections":[],"jetpack_featured_media_url":"https:\/\/i0.wp.com\/politicosaldesnudo.com.mx\/wp-content\/uploads\/2025\/07\/VIJ.jpg?fit=652%2C461&ssl=1","jetpack-related-posts":[],"jetpack_sharing_enabled":true,"_links":{"self":[{"href":"https:\/\/politicosaldesnudo.com.mx\/index.php\/wp-json\/wp\/v2\/posts\/66537","targetHints":{"allow":["GET"]}}],"collection":[{"href":"https:\/\/politicosaldesnudo.com.mx\/index.php\/wp-json\/wp\/v2\/posts"}],"about":[{"href":"https:\/\/politicosaldesnudo.com.mx\/index.php\/wp-json\/wp\/v2\/types\/post"}],"author":[{"embeddable":true,"href":"https:\/\/politicosaldesnudo.com.mx\/index.php\/wp-json\/wp\/v2\/users\/4"}],"replies":[{"embeddable":true,"href":"https:\/\/politicosaldesnudo.com.mx\/index.php\/wp-json\/wp\/v2\/comments?post=66537"}],"version-history":[{"count":0,"href":"https:\/\/politicosaldesnudo.com.mx\/index.php\/wp-json\/wp\/v2\/posts\/66537\/revisions"}],"wp:featuredmedia":[{"embeddable":true,"href":"https:\/\/politicosaldesnudo.com.mx\/index.php\/wp-json\/wp\/v2\/media\/66538"}],"wp:attachment":[{"href":"https:\/\/politicosaldesnudo.com.mx\/index.php\/wp-json\/wp\/v2\/media?parent=66537"}],"wp:term":[{"taxonomy":"category","embeddable":true,"href":"https:\/\/politicosaldesnudo.com.mx\/index.php\/wp-json\/wp\/v2\/categories?post=66537"},{"taxonomy":"post_tag","embeddable":true,"href":"https:\/\/politicosaldesnudo.com.mx\/index.php\/wp-json\/wp\/v2\/tags?post=66537"}],"curies":[{"name":"wp","href":"https:\/\/api.w.org\/{rel}","templated":true}]}}