{"id":66540,"date":"2025-07-10T00:08:48","date_gmt":"2025-07-10T06:08:48","guid":{"rendered":"https:\/\/politicosaldesnudo.com.mx\/?p=66540"},"modified":"2025-07-09T20:42:14","modified_gmt":"2025-07-10T02:42:14","slug":"planea-morena-establecer-filtro-de-afiliaciones-e-investigara-antecedentes","status":"publish","type":"post","link":"https:\/\/politicosaldesnudo.com.mx\/index.php\/2025\/07\/10\/planea-morena-establecer-filtro-de-afiliaciones-e-investigara-antecedentes\/","title":{"rendered":"Planea Morena establecer filtro de afiliaciones e investigar\u00e1 antecedentes"},"content":{"rendered":"<p class=\"nota-justify\">Morena pretende establecer un filtro de afiliaciones e investigar\u00e1 los antecedentes de militantes de otros partidos que pretendan registrarse y, en su sesi\u00f3n extraordinaria que se realizar\u00e1 el 20 de julio, tambi\u00e9n reinstalar\u00e1 su Consejo Consultivo Nacional, que no se re\u00fane desde 2021 durante la dirigencia de Mario Delgado.<\/p>\n<p class=\"nota-justify\">El partido present\u00f3 hoy los detalles de la convocatoria a la octava sesi\u00f3n extraordinaria de su Consejo Nacional, donde uno de los ejes ser\u00e1 aprobar una Comisi\u00f3n Nacional Evaluadora de Incorporaciones.<\/p>\n<p class=\"nota-justify\">Se trata, explic\u00f3 la dirigencia, de un \u00f3rgano colegiado \u201cde evaluaci\u00f3n de antecedentes de figuras p\u00fablicas de otras fuerzas pol\u00edticas distintas al movimiento que pretendan afiliarse a Morena\u201d.<\/p>\n<p class=\"nota-justify\">Esa instancia se reunir\u00e1 cuando existan solicitudes de afiliaciones, detall\u00f3.<\/p>\n<p class=\"nota-justify\">Morena ha recibido cr\u00edticas por la afiliaci\u00f3n de personajes como el senador Miguel \u00c1ngel Yunes M\u00e1rquez, para lograr el voto de la reforma en materia judicial, y que los indague previamente y no con posterioridad como se hace ahora con la Comisi\u00f3n Nacional de Honestidad y Justicia.<\/p>\n<p class=\"nota-justify\">\u201cDesde 2018 hubo un llamado a la suma al movimiento para lograr la fuerza necesaria, hoy estamos en otro momento. No somos un partido de puertas cerradas, pero s\u00ed evaluar con detenimiento. Hay sumas que restan y la comisi\u00f3n puede cuestionar las incorporaciones. Imag\u00ednense si (Carlos) Salinas quiera incorporarse a Morena o que (Manlio Fabio) Beltrones levante la mano\u201d, dijo Luisa Mar\u00eda Alcalde.<\/p>\n<p class=\"nota-justify\">No se trata de cerrar el partido ni convertirlo en una organizaci\u00f3n de c\u00fapulas, sino evaluar perfiles que pueden abonar o no a la transformaci\u00f3n, dijo.<\/p>\n<p class=\"nota-justify\">Como parte de la convocatoria se prev\u00e9 aprobar un plan de organizaci\u00f3n seccional para conformar un comit\u00e9 por cada una de los 71 mil 541 secciones electorales del pa\u00eds, con al menos cinco militantes por cada uno. Esto es, se pretende constituir una fuerza de base de al menos 357 mil 705 militantes.<\/p>\n<p class=\"nota-justify\">Lo que busca Morena es no solo consolidar el movimiento hacia las elecciones intermedias de 2027, sino \u201cel proyecto para las pr\u00f3ximas generaciones\u201d.<\/p>\n<p class=\"nota-justify\">En el caso del Consejo Consultivo se prev\u00e9 su reactivaci\u00f3n como \u00f3rgano auxiliar de la dirigencia y conformado por personas destacadas en los \u00e1mbitos intelectual, cient\u00edfico y acad\u00e9mico cercanos al movimiento.<\/p>\n<p class=\"nota-justify\">El consejo se realizar\u00e1 en el hotel Barcel\u00f3 de Paseo de la Reforma.<\/p>\n","protected":false},"excerpt":{"rendered":"<p>Morena pretende establecer un filtro de afiliaciones e investigar\u00e1 los antecedentes de militantes de otros partidos que pretendan registrarse y,<\/p>\n","protected":false},"author":4,"featured_media":66541,"comment_status":"closed","ping_status":"closed","sticky":false,"template":"","format":"standard","meta":{"colormag_page_container_layout":"default_layout","colormag_page_sidebar_layout":"default_layout","_jetpack_memberships_contains_paid_content":false,"footnotes":"","jetpack_publicize_message":"","jetpack_publicize_feature_enabled":true,"jetpack_social_post_already_shared":true,"jetpack_social_options":{"image_generator_settings":{"template":"highway","default_image_id":0,"font":"","enabled":false},"version":2}},"categories":[33],"tags":[],"class_list":["post-66540","post","type-post","status-publish","format-standard","has-post-thumbnail","hentry","category-nacional"],"jetpack_publicize_connections":[],"jetpack_featured_media_url":"https:\/\/i0.wp.com\/politicosaldesnudo.com.mx\/wp-content\/uploads\/2025\/07\/JAJAJAJA.jpg?fit=770%2C575&ssl=1","jetpack-related-posts":[],"jetpack_sharing_enabled":true,"_links":{"self":[{"href":"https:\/\/politicosaldesnudo.com.mx\/index.php\/wp-json\/wp\/v2\/posts\/66540","targetHints":{"allow":["GET"]}}],"collection":[{"href":"https:\/\/politicosaldesnudo.com.mx\/index.php\/wp-json\/wp\/v2\/posts"}],"about":[{"href":"https:\/\/politicosaldesnudo.com.mx\/index.php\/wp-json\/wp\/v2\/types\/post"}],"author":[{"embeddable":true,"href":"https:\/\/politicosaldesnudo.com.mx\/index.php\/wp-json\/wp\/v2\/users\/4"}],"replies":[{"embeddable":true,"href":"https:\/\/politicosaldesnudo.com.mx\/index.php\/wp-json\/wp\/v2\/comments?post=66540"}],"version-history":[{"count":0,"href":"https:\/\/politicosaldesnudo.com.mx\/index.php\/wp-json\/wp\/v2\/posts\/66540\/revisions"}],"wp:featuredmedia":[{"embeddable":true,"href":"https:\/\/politicosaldesnudo.com.mx\/index.php\/wp-json\/wp\/v2\/media\/66541"}],"wp:attachment":[{"href":"https:\/\/politicosaldesnudo.com.mx\/index.php\/wp-json\/wp\/v2\/media?parent=66540"}],"wp:term":[{"taxonomy":"category","embeddable":true,"href":"https:\/\/politicosaldesnudo.com.mx\/index.php\/wp-json\/wp\/v2\/categories?post=66540"},{"taxonomy":"post_tag","embeddable":true,"href":"https:\/\/politicosaldesnudo.com.mx\/index.php\/wp-json\/wp\/v2\/tags?post=66540"}],"curies":[{"name":"wp","href":"https:\/\/api.w.org\/{rel}","templated":true}]}}