{"id":66544,"date":"2025-07-10T00:09:59","date_gmt":"2025-07-10T06:09:59","guid":{"rendered":"https:\/\/politicosaldesnudo.com.mx\/?p=66544"},"modified":"2025-07-09T21:00:53","modified_gmt":"2025-07-10T03:00:53","slug":"mipymes-jugaran-rol-estrategico-durante-copa-mundial-2026-turismo-cdmx","status":"publish","type":"post","link":"https:\/\/politicosaldesnudo.com.mx\/index.php\/2025\/07\/10\/mipymes-jugaran-rol-estrategico-durante-copa-mundial-2026-turismo-cdmx\/","title":{"rendered":"Mipymes \u00abjugar\u00e1n\u00bb rol estrat\u00e9gico durante Copa Mundial 2026: Turismo CDMX"},"content":{"rendered":"<p>Las micro, peque\u00f1as y medianas empresas (mipymes) \u201cjugar\u00e1n\u201d un rol estrat\u00e9gico durante el Mundial de F\u00fatbol\u00a02026, pues deben incorporarse como actores clave en las cadenas de valor en \u00e1reas como proveedur\u00eda, hospitalidad, gastronom\u00eda, transporte y comercio local, se\u00f1al\u00f3 la Secretar\u00eda de Turismo de la Ciudad de M\u00e9xico a empresarios.<\/p>\n<p>La Confederaci\u00f3n de C\u00e1maras Nacionales de Servicios y Turismo (Concanaco-Servytur) indic\u00f3 que representantes de ese organismo del sector privado y Alejandra Frausto Guerrero, titular de la dependencia local, quien es Coordinadora del Mundial 2026 en la capital del pa\u00eds, sostuvieron un encuentro para presentar las estrategias que se est\u00e1n desarrollando para que la justa deportiva deje un legado positivo y duradero para la ciudad y sus habitantes.<\/p>\n<p>La funcionaria destac\u00f3 que el proyecto cuenta con una visi\u00f3n integral, la cual incluye la regeneraci\u00f3n del entorno del Estadio Azteca; el fortalecimiento de la infraestructura tur\u00edstica y cultural; la movilidad sostenible con ciclo v\u00edas y electromovilidad; activaciones culturales, deportivas e incluyentes en las 16 alcald\u00edas; as\u00ed como una estrategia de cero residuos y legado sostenible.<\/p>\n<p>\u201cEste Mundial no solo ser\u00e1 una vitrina internacional para nuestro pa\u00eds, tambi\u00e9n es una gran oportunidad para que las empresas formales crezcan, se capaciten y se conecten con el mundo\u201d, dijo Octavio de la Torre, presidente de la Concanaco-Servytur.<\/p>\n<p>El organismo del sector privado record\u00f3 que el Mundial 2026 generar\u00e1 una derrama estimada de 65 mil millones de pesos en tres sedes mexicanas y crear\u00e1 m\u00e1s de 12 mil empleos temporales para impulsar la econom\u00eda local.<\/p>\n<p>La Confederaci\u00f3n refrend\u00f3 su compromiso con la formalidad, el crecimiento econ\u00f3mico sostenible y el trabajo conjunto con los tres \u00f3rdenes de gobierno para que el Mundial 2026 beneficie a millones de familias mexicanas.<\/p>\n<p>\u201cLa Concanaco-Servytur trabajar\u00e1 activamente para garantizar que esta oportunidad hist\u00f3rica se traduzca en desarrollo real, inversi\u00f3n productiva y un legado duradero para la Ciudad de M\u00e9xico y todo el pa\u00eds\u201d, se\u00f1al\u00f3 el organismo que representa a las actividades terciarias del pa\u00eds.<\/p>\n","protected":false},"excerpt":{"rendered":"<p>Las micro, peque\u00f1as y medianas empresas (mipymes) \u201cjugar\u00e1n\u201d un rol estrat\u00e9gico durante el Mundial de F\u00fatbol\u00a02026, pues deben incorporarse como<\/p>\n","protected":false},"author":4,"featured_media":66545,"comment_status":"closed","ping_status":"closed","sticky":false,"template":"","format":"standard","meta":{"colormag_page_container_layout":"default_layout","colormag_page_sidebar_layout":"default_layout","_jetpack_memberships_contains_paid_content":false,"footnotes":"","jetpack_publicize_message":"","jetpack_publicize_feature_enabled":true,"jetpack_social_post_already_shared":true,"jetpack_social_options":{"image_generator_settings":{"template":"highway","default_image_id":0,"font":"","enabled":false},"version":2}},"categories":[2050],"tags":[],"class_list":["post-66544","post","type-post","status-publish","format-standard","has-post-thumbnail","hentry","category-economia"],"jetpack_publicize_connections":[],"jetpack_featured_media_url":"https:\/\/i0.wp.com\/politicosaldesnudo.com.mx\/wp-content\/uploads\/2025\/07\/MYP.jpg?fit=559%2C392&ssl=1","jetpack-related-posts":[],"jetpack_sharing_enabled":true,"_links":{"self":[{"href":"https:\/\/politicosaldesnudo.com.mx\/index.php\/wp-json\/wp\/v2\/posts\/66544","targetHints":{"allow":["GET"]}}],"collection":[{"href":"https:\/\/politicosaldesnudo.com.mx\/index.php\/wp-json\/wp\/v2\/posts"}],"about":[{"href":"https:\/\/politicosaldesnudo.com.mx\/index.php\/wp-json\/wp\/v2\/types\/post"}],"author":[{"embeddable":true,"href":"https:\/\/politicosaldesnudo.com.mx\/index.php\/wp-json\/wp\/v2\/users\/4"}],"replies":[{"embeddable":true,"href":"https:\/\/politicosaldesnudo.com.mx\/index.php\/wp-json\/wp\/v2\/comments?post=66544"}],"version-history":[{"count":0,"href":"https:\/\/politicosaldesnudo.com.mx\/index.php\/wp-json\/wp\/v2\/posts\/66544\/revisions"}],"wp:featuredmedia":[{"embeddable":true,"href":"https:\/\/politicosaldesnudo.com.mx\/index.php\/wp-json\/wp\/v2\/media\/66545"}],"wp:attachment":[{"href":"https:\/\/politicosaldesnudo.com.mx\/index.php\/wp-json\/wp\/v2\/media?parent=66544"}],"wp:term":[{"taxonomy":"category","embeddable":true,"href":"https:\/\/politicosaldesnudo.com.mx\/index.php\/wp-json\/wp\/v2\/categories?post=66544"},{"taxonomy":"post_tag","embeddable":true,"href":"https:\/\/politicosaldesnudo.com.mx\/index.php\/wp-json\/wp\/v2\/tags?post=66544"}],"curies":[{"name":"wp","href":"https:\/\/api.w.org\/{rel}","templated":true}]}}