{"id":66599,"date":"2025-07-11T00:01:48","date_gmt":"2025-07-11T06:01:48","guid":{"rendered":"https:\/\/politicosaldesnudo.com.mx\/?p=66599"},"modified":"2025-07-10T23:43:45","modified_gmt":"2025-07-11T05:43:45","slug":"avanzan-trabajos-de-mantenimiento-en-catedral","status":"publish","type":"post","link":"https:\/\/politicosaldesnudo.com.mx\/index.php\/2025\/07\/11\/avanzan-trabajos-de-mantenimiento-en-catedral\/","title":{"rendered":"Avanzan trabajos de mantenimiento en Catedral"},"content":{"rendered":"<p>Los trabajos de mantenimiento en la hist\u00f3rica Catedral de Nuestra Se\u00f1ora de la Asunci\u00f3n progresan a paso firme, asegurando la preservaci\u00f3n de este importante recinto religioso y arquitect\u00f3nico, adem\u00e1s para estar en \u00f3ptimas condiciones para recibir a los cientos de feligreses durante el mes de agosto, en que se celebra la fiesta patronal.<\/p>\n<p>Equipos especializados han estado llevando a cabo labores exhaustivas de supervisi\u00f3n y mantenimiento en los muros y estructuras de madera del edificio, una tarea crucial para garantizar su estabilidad y durabilidad a largo plazo.<\/p>\n<p>Las acciones emprendidas incluyen la revisi\u00f3n detallada de la mamposter\u00eda para detectar y reparar posibles deterioros, as\u00ed como el tratamiento y fortalecimiento de las vigas y elementos de madera que forman parte de la estructura.<\/p>\n<p>Estos trabajos son de vital importancia para prevenir da\u00f1os mayores ocasionados por el paso del tiempo, las condiciones clim\u00e1ticas y otros factores que podr\u00edan comprometer la integridad del inmueble.<\/p>\n<p>La dedicaci\u00f3n de los trabajadores involucrados ha permitido un avance considerable en las distintas fases del proyecto, su labor minuciosa y profesional es fundamental para que la Catedral, un referente cultural y espiritual para la comunidad, pueda seguir albergando a fieles y visitantes por muchas d\u00e9cadas m\u00e1s, manteniendo viva su rica historia y belleza arquitect\u00f3nica.<\/p>\n","protected":false},"excerpt":{"rendered":"<p>Los trabajos de mantenimiento en la hist\u00f3rica Catedral de Nuestra Se\u00f1ora de la Asunci\u00f3n progresan a paso firme, asegurando la<\/p>\n","protected":false},"author":4,"featured_media":66600,"comment_status":"closed","ping_status":"closed","sticky":false,"template":"","format":"standard","meta":{"colormag_page_container_layout":"default_layout","colormag_page_sidebar_layout":"default_layout","_jetpack_memberships_contains_paid_content":false,"footnotes":"","jetpack_publicize_message":"","jetpack_publicize_feature_enabled":true,"jetpack_social_post_already_shared":true,"jetpack_social_options":{"image_generator_settings":{"template":"highway","default_image_id":0,"font":"","enabled":false},"version":2}},"categories":[1082],"tags":[],"class_list":["post-66599","post","type-post","status-publish","format-standard","has-post-thumbnail","hentry","category-tuxpan"],"jetpack_publicize_connections":[],"jetpack_featured_media_url":"https:\/\/i0.wp.com\/politicosaldesnudo.com.mx\/wp-content\/uploads\/2025\/07\/WhatsApp-Image-2025-07-10-at-18.06.36.jpeg?fit=1600%2C725&ssl=1","jetpack-related-posts":[],"jetpack_sharing_enabled":true,"_links":{"self":[{"href":"https:\/\/politicosaldesnudo.com.mx\/index.php\/wp-json\/wp\/v2\/posts\/66599","targetHints":{"allow":["GET"]}}],"collection":[{"href":"https:\/\/politicosaldesnudo.com.mx\/index.php\/wp-json\/wp\/v2\/posts"}],"about":[{"href":"https:\/\/politicosaldesnudo.com.mx\/index.php\/wp-json\/wp\/v2\/types\/post"}],"author":[{"embeddable":true,"href":"https:\/\/politicosaldesnudo.com.mx\/index.php\/wp-json\/wp\/v2\/users\/4"}],"replies":[{"embeddable":true,"href":"https:\/\/politicosaldesnudo.com.mx\/index.php\/wp-json\/wp\/v2\/comments?post=66599"}],"version-history":[{"count":0,"href":"https:\/\/politicosaldesnudo.com.mx\/index.php\/wp-json\/wp\/v2\/posts\/66599\/revisions"}],"wp:featuredmedia":[{"embeddable":true,"href":"https:\/\/politicosaldesnudo.com.mx\/index.php\/wp-json\/wp\/v2\/media\/66600"}],"wp:attachment":[{"href":"https:\/\/politicosaldesnudo.com.mx\/index.php\/wp-json\/wp\/v2\/media?parent=66599"}],"wp:term":[{"taxonomy":"category","embeddable":true,"href":"https:\/\/politicosaldesnudo.com.mx\/index.php\/wp-json\/wp\/v2\/categories?post=66599"},{"taxonomy":"post_tag","embeddable":true,"href":"https:\/\/politicosaldesnudo.com.mx\/index.php\/wp-json\/wp\/v2\/tags?post=66599"}],"curies":[{"name":"wp","href":"https:\/\/api.w.org\/{rel}","templated":true}]}}