{"id":66602,"date":"2025-07-11T00:02:25","date_gmt":"2025-07-11T06:02:25","guid":{"rendered":"https:\/\/politicosaldesnudo.com.mx\/?p=66602"},"modified":"2025-07-10T23:44:55","modified_gmt":"2025-07-11T05:44:55","slug":"reduccion-de-jornada-laboral-no-convence-a-microempresarios","status":"publish","type":"post","link":"https:\/\/politicosaldesnudo.com.mx\/index.php\/2025\/07\/11\/reduccion-de-jornada-laboral-no-convence-a-microempresarios\/","title":{"rendered":"Reducci\u00f3n de jornada laboral no convence a microempresarios"},"content":{"rendered":"<p>La propuesta de reducir la jornada laboral en M\u00e9xico ha encontrado resistencia en el sector empresarial, particularmente entre los representantes de las micro y peque\u00f1as empresas.<\/p>\n<p>Ante ello, la Confederaci\u00f3n de C\u00e1maras Nacionales de Comercio, Servicios y Turismo; CONCANACO SERVYTUR, ha manifestado abiertamente su postura en contra de esta medida, argumentando que no la consideran la mejor opci\u00f3n para el actual panorama econ\u00f3mico del pa\u00eds.<\/p>\n<p>En sinton\u00eda con la postura nacional, el Presidente de la c\u00e1mara en este municipio; Ra\u00fal Pati\u00f1o Blanco, reiter\u00f3 que la reducci\u00f3n de la jornada laboral no es la alternativa m\u00e1s adecuada para las microempresas de la regi\u00f3n.<\/p>\n<p>\u00abNosotros como miembros de la c\u00e1mara y con todas las c\u00e1maras respaldamos la postura de nuestro Presidente Nacional, puesto que tenemos un tema complejo donde nos podremos ver afectados las micro empresas principalmente y consideramos que puede haber otras opciones para impulsar la econom\u00eda\u00bb, se\u00f1al\u00f3.<\/p>\n<p>Enfatiz\u00f3 que este tipo de negocios, que constituyen la columna vertebral de la econom\u00eda local y nacional, enfrentar\u00edan dificultades significativas para adaptarse a los nuevos esquemas, impactando negativamente su operatividad y rentabilidad.<\/p>\n<p>Seg\u00fan el dirigente empresarial, la prioridad debe ser el impulso de reformas que sean verdaderamente viables y que contribuyan al fortalecimiento de la econom\u00eda nacional en su conjunto, esto implica, desde la perspectiva de la CANACO SERVYTUR, buscar mecanismos que incentiven la inversi\u00f3n, fomenten la creaci\u00f3n de empleos y faciliten el crecimiento de las empresas, en lugar de implementar medidas que puedan generar mayores presiones financieras y operativas.<\/p>\n<p>La preocupaci\u00f3n del sector empresarial radica en la posible repercusi\u00f3n de una jornada laboral reducida en la productividad, los costos laborales y la competitividad de las empresas, especialmente aquellas con recursos limitados.<\/p>\n<p>Por ello, la confederada y sus organismos afiliados, hacen un llamado a las autoridades para considerar alternativas que promuevan un desarrollo econ\u00f3mico sostenible y equitativo para todos los actores productivos del pa\u00eds.<\/p>\n","protected":false},"excerpt":{"rendered":"<p>La propuesta de reducir la jornada laboral en M\u00e9xico ha encontrado resistencia en el sector empresarial, particularmente entre los representantes<\/p>\n","protected":false},"author":4,"featured_media":66603,"comment_status":"closed","ping_status":"closed","sticky":false,"template":"","format":"standard","meta":{"colormag_page_container_layout":"default_layout","colormag_page_sidebar_layout":"default_layout","_jetpack_memberships_contains_paid_content":false,"footnotes":"","jetpack_publicize_message":"","jetpack_publicize_feature_enabled":true,"jetpack_social_post_already_shared":true,"jetpack_social_options":{"image_generator_settings":{"template":"highway","default_image_id":0,"font":"","enabled":false},"version":2}},"categories":[1082],"tags":[],"class_list":["post-66602","post","type-post","status-publish","format-standard","has-post-thumbnail","hentry","category-tuxpan"],"jetpack_publicize_connections":[],"jetpack_featured_media_url":"https:\/\/i0.wp.com\/politicosaldesnudo.com.mx\/wp-content\/uploads\/2025\/07\/REE.jpeg?fit=1600%2C726&ssl=1","jetpack-related-posts":[],"jetpack_sharing_enabled":true,"_links":{"self":[{"href":"https:\/\/politicosaldesnudo.com.mx\/index.php\/wp-json\/wp\/v2\/posts\/66602","targetHints":{"allow":["GET"]}}],"collection":[{"href":"https:\/\/politicosaldesnudo.com.mx\/index.php\/wp-json\/wp\/v2\/posts"}],"about":[{"href":"https:\/\/politicosaldesnudo.com.mx\/index.php\/wp-json\/wp\/v2\/types\/post"}],"author":[{"embeddable":true,"href":"https:\/\/politicosaldesnudo.com.mx\/index.php\/wp-json\/wp\/v2\/users\/4"}],"replies":[{"embeddable":true,"href":"https:\/\/politicosaldesnudo.com.mx\/index.php\/wp-json\/wp\/v2\/comments?post=66602"}],"version-history":[{"count":0,"href":"https:\/\/politicosaldesnudo.com.mx\/index.php\/wp-json\/wp\/v2\/posts\/66602\/revisions"}],"wp:featuredmedia":[{"embeddable":true,"href":"https:\/\/politicosaldesnudo.com.mx\/index.php\/wp-json\/wp\/v2\/media\/66603"}],"wp:attachment":[{"href":"https:\/\/politicosaldesnudo.com.mx\/index.php\/wp-json\/wp\/v2\/media?parent=66602"}],"wp:term":[{"taxonomy":"category","embeddable":true,"href":"https:\/\/politicosaldesnudo.com.mx\/index.php\/wp-json\/wp\/v2\/categories?post=66602"},{"taxonomy":"post_tag","embeddable":true,"href":"https:\/\/politicosaldesnudo.com.mx\/index.php\/wp-json\/wp\/v2\/tags?post=66602"}],"curies":[{"name":"wp","href":"https:\/\/api.w.org\/{rel}","templated":true}]}}