{"id":66614,"date":"2025-07-09T00:00:21","date_gmt":"2025-07-09T06:00:21","guid":{"rendered":"https:\/\/politicosaldesnudo.com.mx\/?p=66614"},"modified":"2025-07-11T00:01:20","modified_gmt":"2025-07-11T06:01:20","slug":"nahle-y-ahued-el-dia-que-el-pulpo-se-quedo-sin-tinta","status":"publish","type":"post","link":"https:\/\/politicosaldesnudo.com.mx\/index.php\/2025\/07\/09\/nahle-y-ahued-el-dia-que-el-pulpo-se-quedo-sin-tinta\/","title":{"rendered":"\u201cNahle y Ahued: el d\u00eda que el pulpo se qued\u00f3 sin tinta\u201d"},"content":{"rendered":"<p style=\"font-weight: 400;\"><strong>Durante m\u00e1s de dos d\u00e9cadas, el tema de la actualizaci\u00f3n de tarifas del transporte p\u00fablico en la modalidad de taxi fue el elefante en la sala de los gobiernos veracruzanos.<\/strong><\/p>\n<p style=\"font-weight: 400;\"><strong>Nadie se atrev\u00eda a tocarlo, nadie quer\u00eda asumir el costo pol\u00edtico de enfrentar al llamado \u201cpulpo\u201d del transporte, ese entramado de concesionarios y liderazgos enquistados que, con amenazas de bloqueos y par\u00e1lisis, amedrentaban a las autoridades en turno.<\/strong><\/p>\n<p style=\"font-weight: 400;\"><strong>\u00a1Hasta ahora!<\/strong><\/p>\n<p style=\"font-weight: 400;\"><strong>La gobernadora Roc\u00edo Nahle Garc\u00eda demostr\u00f3 que gobernar tambi\u00e9n es saber decidir cu\u00e1ndo y c\u00f3mo intervenir. Con firmeza, pero sin estridencias, Nahle tom\u00f3 el toro por los cuernos \u2013a pregunta de un reportero en su pasada conferencia de prensa- y anunci\u00f3 lo que parec\u00eda impensable: la revisi\u00f3n y actualizaci\u00f3n de las tarifas de taxi en el estado de Veracruz. Lo hizo sabiendo que se trataba de un sector olvidado, pero tambi\u00e9n viciado; donde la ausencia de reglas claras permiti\u00f3 abusos flagrantes, cobros a discreci\u00f3n, y una oferta inflada de unidades que s\u00f3lo satura las ciudades y precariza el servicio.<\/strong><\/p>\n<p style=\"font-weight: 400;\"><strong>Ah\u00ed radica la primera gran victoria pol\u00edtica de su incipiente administraci\u00f3n: atender un problema postergado por m\u00e1s de 20 a\u00f1os y ponerle nombre, m\u00e9todo y soluci\u00f3n. En un contexto donde muchos esperar\u00edan titubeos, Nahle demostr\u00f3 capacidad, fortaleza y una notable destreza para hacer pol\u00edtica desde el poder, sin ceder a presiones ni amenazas. Pero no lo hizo sola.<\/strong><\/p>\n<p style=\"font-weight: 400;\"><strong>El segundo acierto de esta jugada maestra tuvo como protagonista al secretario de Gobierno, Ricardo Ahued Bardahuil. En menos de 24 horas, Ahued apag\u00f3 posibles focos de protesta de transportistas inconformes, desactiv\u00f3 los conatos de bloqueo y neutraliz\u00f3 la narrativa beligerante de ciertos grupos que pretend\u00edan desestabilizar la iniciativa. Con oficio, sin confrontaci\u00f3n, y mostrando el colmillo pol\u00edtico que le conocen quienes lo subestiman.<\/strong><\/p>\n<p style=\"font-weight: 400;\"><strong>Ah\u00ed est\u00e1, en ese acto casi quir\u00fargico, la raz\u00f3n por la cual Nahle decidi\u00f3 mantenerlo al frente de la Secretar\u00eda de Gobierno, pese a las cr\u00edticas y rumores que lo tachaban de estar solo de adorno.<\/strong><\/p>\n<p style=\"font-weight: 400;\"><strong>Para que les quede claro, Ahued no es florero, ni conserje. Es operador. Y en este episodio, qued\u00f3 evidenciado que sabe ejecutar con eficacia la pol\u00edtica cuando se le requiere.<\/strong><\/p>\n<p style=\"font-weight: 400;\"><strong>Roc\u00edo Nahle no solo le puso freno al caos tarifario, sino que maniat\u00f3 al pulpo del transporte sin disparar una sola bala pol\u00edtica. Una jugada de alta escuela que evidencia que, en eso de hacer pol\u00edtica con firmeza e inteligencia, Veracruz tiene gobernadora. Y vaya que sabe gobernar.<\/strong><\/p>\n<p style=\"font-weight: 400;\"><strong>\u00a0<\/strong><\/p>\n<p style=\"font-weight: 400;\"><strong>Al tiempo.<\/strong><\/p>\n<p><img data-recalc-dims=\"1\" loading=\"lazy\" decoding=\"async\" class=\"aligncenter size-full wp-image-66612\" src=\"https:\/\/i0.wp.com\/politicosaldesnudo.com.mx\/wp-content\/uploads\/2025\/07\/FIRMA-EDITORIAL-PD-2.jpg?resize=800%2C98&#038;ssl=1\" alt=\"\" width=\"800\" height=\"98\" srcset=\"https:\/\/i0.wp.com\/politicosaldesnudo.com.mx\/wp-content\/uploads\/2025\/07\/FIRMA-EDITORIAL-PD-2.jpg?w=1024&amp;ssl=1 1024w, https:\/\/i0.wp.com\/politicosaldesnudo.com.mx\/wp-content\/uploads\/2025\/07\/FIRMA-EDITORIAL-PD-2.jpg?resize=300%2C37&amp;ssl=1 300w, https:\/\/i0.wp.com\/politicosaldesnudo.com.mx\/wp-content\/uploads\/2025\/07\/FIRMA-EDITORIAL-PD-2.jpg?resize=768%2C94&amp;ssl=1 768w\" sizes=\"auto, (max-width: 800px) 100vw, 800px\" \/><\/p>\n","protected":false},"excerpt":{"rendered":"<p>Durante m\u00e1s de dos d\u00e9cadas, el tema de la actualizaci\u00f3n de tarifas del transporte p\u00fablico en la modalidad de taxi<\/p>\n","protected":false},"author":4,"featured_media":36965,"comment_status":"closed","ping_status":"closed","sticky":false,"template":"","format":"standard","meta":{"colormag_page_container_layout":"default_layout","colormag_page_sidebar_layout":"default_layout","_jetpack_memberships_contains_paid_content":false,"footnotes":"","jetpack_publicize_message":"","jetpack_publicize_feature_enabled":true,"jetpack_social_post_already_shared":true,"jetpack_social_options":{"image_generator_settings":{"template":"highway","default_image_id":0,"font":"","enabled":false},"version":2}},"categories":[26],"tags":[],"class_list":["post-66614","post","type-post","status-publish","format-standard","has-post-thumbnail","hentry","category-columnistas"],"jetpack_publicize_connections":[],"jetpack_featured_media_url":"https:\/\/i0.wp.com\/politicosaldesnudo.com.mx\/wp-content\/uploads\/2024\/05\/LUIS-RAMIREZ-BAQUEIRO.jpg?fit=800%2C445&ssl=1","jetpack-related-posts":[],"jetpack_sharing_enabled":true,"_links":{"self":[{"href":"https:\/\/politicosaldesnudo.com.mx\/index.php\/wp-json\/wp\/v2\/posts\/66614","targetHints":{"allow":["GET"]}}],"collection":[{"href":"https:\/\/politicosaldesnudo.com.mx\/index.php\/wp-json\/wp\/v2\/posts"}],"about":[{"href":"https:\/\/politicosaldesnudo.com.mx\/index.php\/wp-json\/wp\/v2\/types\/post"}],"author":[{"embeddable":true,"href":"https:\/\/politicosaldesnudo.com.mx\/index.php\/wp-json\/wp\/v2\/users\/4"}],"replies":[{"embeddable":true,"href":"https:\/\/politicosaldesnudo.com.mx\/index.php\/wp-json\/wp\/v2\/comments?post=66614"}],"version-history":[{"count":0,"href":"https:\/\/politicosaldesnudo.com.mx\/index.php\/wp-json\/wp\/v2\/posts\/66614\/revisions"}],"wp:featuredmedia":[{"embeddable":true,"href":"https:\/\/politicosaldesnudo.com.mx\/index.php\/wp-json\/wp\/v2\/media\/36965"}],"wp:attachment":[{"href":"https:\/\/politicosaldesnudo.com.mx\/index.php\/wp-json\/wp\/v2\/media?parent=66614"}],"wp:term":[{"taxonomy":"category","embeddable":true,"href":"https:\/\/politicosaldesnudo.com.mx\/index.php\/wp-json\/wp\/v2\/categories?post=66614"},{"taxonomy":"post_tag","embeddable":true,"href":"https:\/\/politicosaldesnudo.com.mx\/index.php\/wp-json\/wp\/v2\/tags?post=66614"}],"curies":[{"name":"wp","href":"https:\/\/api.w.org\/{rel}","templated":true}]}}