{"id":66616,"date":"2025-07-10T00:02:28","date_gmt":"2025-07-10T06:02:28","guid":{"rendered":"https:\/\/politicosaldesnudo.com.mx\/?p=66616"},"modified":"2025-07-11T00:03:56","modified_gmt":"2025-07-11T06:03:56","slug":"recortes-presupuestarios-2026","status":"publish","type":"post","link":"https:\/\/politicosaldesnudo.com.mx\/index.php\/2025\/07\/10\/recortes-presupuestarios-2026\/","title":{"rendered":"Recortes Presupuestarios 2026"},"content":{"rendered":"<p style=\"font-weight: 400;\"><strong>Un Golpe Duro a la Infraestructura y la Salud<\/strong><\/p>\n<p style=\"font-weight: 400;\"><strong>El recorte del\u00a0<\/strong>60.5%<strong>\u00a0en infraestructura es impactante<\/strong><\/p>\n<p style=\"font-weight: 400;\"><strong>Otro recorte del\u00a0<\/strong>40.7%<strong>\u00a0en este sector es una se\u00f1al preocupante<\/strong><\/p>\n<p style=\"font-weight: 400;\"><strong>Por Miguel \u00c1ngel Cristiani G.<\/strong><\/p>\n<p style=\"font-weight: 400;\">El Proyecto de Presupuesto de Egresos de la Federaci\u00f3n (PPEF) para 2026 ha encendido alarmas en diversos sectores de la sociedad mexicana. Con un recorte previsto del\u00a0<strong>38.9%<\/strong>\u00a0en programas presupuestarios, la eliminaci\u00f3n de\u00a0<strong>347 programas<\/strong>\u00a0plantea serias interrogantes sobre el futuro del pa\u00eds. Las cifras son contundentes: la infraestructura y la salud son las m\u00e1s afectadas, y la situaci\u00f3n merece un an\u00e1lisis profundo.<\/p>\n<p style=\"font-weight: 400;\"><strong>Un Presupuesto en Crisis<\/strong><\/p>\n<p style=\"font-weight: 400;\">El recorte del\u00a0<strong>60.5%<\/strong>\u00a0en infraestructura es impactante. Este sector es fundamental para el desarrollo econ\u00f3mico del pa\u00eds. Las carreteras, puentes y sistemas de transporte son la columna vertebral que sostiene la movilidad y el comercio. \u00bfQu\u00e9 significa esto para las obras en curso? La falta de recursos puede paralizar proyectos vitales. Sin infraestructura adecuada, el crecimiento se convierte en un sue\u00f1o distante.<\/p>\n<p style=\"font-weight: 400;\">Por otro lado, la salud no se queda atr\u00e1s. Un recorte del\u00a0<strong>40.7%<\/strong>\u00a0en este sector es una se\u00f1al preocupante, sobre todo en un contexto post-pand\u00e9mico. Los servicios de salud, que ya enfrentan desaf\u00edos, se ver\u00e1n a\u00fan m\u00e1s comprometidos. El IMSS y el ISSSTE tambi\u00e9n sufrir\u00e1n recortes significativos:\u00a0<strong>20%<\/strong>\u00a0y\u00a0<strong>41.4%<\/strong>, respectivamente. La atenci\u00f3n m\u00e9dica y los medicamentos se volver\u00e1n m\u00e1s dif\u00edciles de acceder, y los ciudadanos se preguntan: \u00bfqui\u00e9n cuidar\u00e1 de nuestra salud?<\/p>\n<p style=\"font-weight: 400;\"><strong>Empresas Estrat\u00e9gicas bajo la Lupa<\/strong><\/p>\n<p style=\"font-weight: 400;\">Las empresas estatales, como Pemex y CFE, no escapan a la tormenta. Pemex enfrentar\u00e1 un recorte del\u00a0<strong>45.5%<\/strong>, mientras que CFE ver\u00e1 una reducci\u00f3n del\u00a0<strong>40.7%<\/strong>. Estas cifras son alarmantes no solo por su impacto inmediato en la econom\u00eda, sino tambi\u00e9n por las implicaciones a largo plazo. La dependencia de fuentes de energ\u00eda y la seguridad energ\u00e9tica son temas que no se pueden tomar a la ligera. \u00bfEstamos dispuestos a sacrificar nuestra soberan\u00eda energ\u00e9tica?<\/p>\n<p style=\"font-weight: 400;\"><strong>La Fusi\u00f3n de Programas: \u00bfM\u00e1s Transparencia o M\u00e1s Confusi\u00f3n?<\/strong><\/p>\n<p style=\"font-weight: 400;\">La propuesta incluye la fusi\u00f3n de\u00a0<strong>80 programas<\/strong>. La idea detr\u00e1s de esta medida es simplificar la burocracia y mejorar la eficiencia. Sin embargo, la realidad es que la fusi\u00f3n puede complicar la transparencia. \u00bfC\u00f3mo se asegura que los recursos se distribuyan de manera justa y equitativa entre los sectores fusionados? La falta de claridad puede llevar a la desconfianza y a la percepci\u00f3n de que los fondos no se utilizan de manera responsable.<\/p>\n<p style=\"font-weight: 400;\">Los recortes en el\u00a0Proyecto de Presupuesto de Egresos de la Federaci\u00f3n\u00a02026 plantean un futuro incierto para M\u00e9xico. La reducci\u00f3n dr\u00e1stica de recursos en \u00e1reas clave pone en riesgo el bienestar de millones de ciudadanos. La administraci\u00f3n actual debe considerar las consecuencias de estas decisiones. La salud y la infraestructura son derechos fundamentales que garantizan la calidad de vida.<\/p>\n<p style=\"font-weight: 400;\">La oposici\u00f3n y la sociedad civil han comenzado a alzar la voz. Es vital que los ciudadanos se mantengan informados y activos en la defensa de sus derechos. Un presupuesto no es solo un documento; es una declaraci\u00f3n de prioridades. \u00bfEstamos dispuestos a sacrificar nuestra salud y nuestro futuro en favor de un presupuesto m\u00e1s austero?<\/p>\n<p style=\"font-weight: 400;\">El Proyecto de Presupuesto de Egresos de la Federaci\u00f3n para 2026 nos enfrenta a una encrucijada. Las decisiones que se tomen ahora tendr\u00e1n un impacto duradero en la vida de los mexicanos. La comunidad debe estar alerta y exigir transparencia y rendici\u00f3n de cuentas. La lucha por un futuro digno y saludable es responsabilidad de todos. Al final, la inversi\u00f3n en infraestructura y salud no es solo una cuesti\u00f3n de n\u00fameros; es una cuesti\u00f3n de vida. \u00bfEstamos listos para defender lo que es justo?<\/p>\n<p><img data-recalc-dims=\"1\" loading=\"lazy\" decoding=\"async\" class=\"aligncenter size-full wp-image-66612\" src=\"https:\/\/i0.wp.com\/politicosaldesnudo.com.mx\/wp-content\/uploads\/2025\/07\/FIRMA-EDITORIAL-PD-2.jpg?resize=800%2C98&#038;ssl=1\" alt=\"\" width=\"800\" height=\"98\" srcset=\"https:\/\/i0.wp.com\/politicosaldesnudo.com.mx\/wp-content\/uploads\/2025\/07\/FIRMA-EDITORIAL-PD-2.jpg?w=1024&amp;ssl=1 1024w, https:\/\/i0.wp.com\/politicosaldesnudo.com.mx\/wp-content\/uploads\/2025\/07\/FIRMA-EDITORIAL-PD-2.jpg?resize=300%2C37&amp;ssl=1 300w, https:\/\/i0.wp.com\/politicosaldesnudo.com.mx\/wp-content\/uploads\/2025\/07\/FIRMA-EDITORIAL-PD-2.jpg?resize=768%2C94&amp;ssl=1 768w\" sizes=\"auto, (max-width: 800px) 100vw, 800px\" \/><\/p>\n","protected":false},"excerpt":{"rendered":"<p>Un Golpe Duro a la Infraestructura y la Salud El recorte del\u00a060.5%\u00a0en infraestructura es impactante Otro recorte del\u00a040.7%\u00a0en este sector<\/p>\n","protected":false},"author":4,"featured_media":46060,"comment_status":"closed","ping_status":"closed","sticky":false,"template":"","format":"standard","meta":{"colormag_page_container_layout":"default_layout","colormag_page_sidebar_layout":"default_layout","_jetpack_memberships_contains_paid_content":false,"footnotes":"","jetpack_publicize_message":"","jetpack_publicize_feature_enabled":true,"jetpack_social_post_already_shared":true,"jetpack_social_options":{"image_generator_settings":{"template":"highway","default_image_id":0,"font":"","enabled":false},"version":2}},"categories":[26],"tags":[],"class_list":["post-66616","post","type-post","status-publish","format-standard","has-post-thumbnail","hentry","category-columnistas"],"jetpack_publicize_connections":[],"jetpack_featured_media_url":"https:\/\/i0.wp.com\/politicosaldesnudo.com.mx\/wp-content\/uploads\/2024\/09\/CRISTIANI-2.jpg?fit=800%2C445&ssl=1","jetpack-related-posts":[],"jetpack_sharing_enabled":true,"_links":{"self":[{"href":"https:\/\/politicosaldesnudo.com.mx\/index.php\/wp-json\/wp\/v2\/posts\/66616","targetHints":{"allow":["GET"]}}],"collection":[{"href":"https:\/\/politicosaldesnudo.com.mx\/index.php\/wp-json\/wp\/v2\/posts"}],"about":[{"href":"https:\/\/politicosaldesnudo.com.mx\/index.php\/wp-json\/wp\/v2\/types\/post"}],"author":[{"embeddable":true,"href":"https:\/\/politicosaldesnudo.com.mx\/index.php\/wp-json\/wp\/v2\/users\/4"}],"replies":[{"embeddable":true,"href":"https:\/\/politicosaldesnudo.com.mx\/index.php\/wp-json\/wp\/v2\/comments?post=66616"}],"version-history":[{"count":0,"href":"https:\/\/politicosaldesnudo.com.mx\/index.php\/wp-json\/wp\/v2\/posts\/66616\/revisions"}],"wp:featuredmedia":[{"embeddable":true,"href":"https:\/\/politicosaldesnudo.com.mx\/index.php\/wp-json\/wp\/v2\/media\/46060"}],"wp:attachment":[{"href":"https:\/\/politicosaldesnudo.com.mx\/index.php\/wp-json\/wp\/v2\/media?parent=66616"}],"wp:term":[{"taxonomy":"category","embeddable":true,"href":"https:\/\/politicosaldesnudo.com.mx\/index.php\/wp-json\/wp\/v2\/categories?post=66616"},{"taxonomy":"post_tag","embeddable":true,"href":"https:\/\/politicosaldesnudo.com.mx\/index.php\/wp-json\/wp\/v2\/tags?post=66616"}],"curies":[{"name":"wp","href":"https:\/\/api.w.org\/{rel}","templated":true}]}}