{"id":66699,"date":"2025-07-12T00:07:19","date_gmt":"2025-07-12T06:07:19","guid":{"rendered":"https:\/\/politicosaldesnudo.com.mx\/?p=66699"},"modified":"2025-07-11T20:08:39","modified_gmt":"2025-07-12T02:08:39","slug":"totalmente-irrespetuosas-declaraciones-del-abogado-de-ovidio-no-tenemos-complicidad-csp","status":"publish","type":"post","link":"https:\/\/politicosaldesnudo.com.mx\/index.php\/2025\/07\/12\/totalmente-irrespetuosas-declaraciones-del-abogado-de-ovidio-no-tenemos-complicidad-csp\/","title":{"rendered":"\u201cTotalmente irrespetuosas\u201d declaraciones del abogado de Ovidio; no tenemos complicidad: CSP"},"content":{"rendered":"<p>Horas despu\u00e9s que Ovidio Guzm\u00e1n L\u00f3pez, l\u00edder de una de las facciones del c\u00e1rtel de Sinaloa, se declarara culpable de varios delitos relacionados con el narcotr\u00e1fico ante una corte de Chicago, Estados Unidos, la presidenta Claudia Sheinbaum Pardo calific\u00f3 de \u201cirrespetuosas de la instituci\u00f3n presidencial\u201d las declaraciones hechas por la defensa del capo.<\/p>\n<p>De gira por este estado \u2014que en diez meses ha sufrido las consecuencias de la violenta confrontaci\u00f3n entre los grupos de Los Chapitos y Los Mayos, de la organizaci\u00f3n criminal\u2014, la jefa del Ejecutivo remarc\u00f3 que en su gobierno \u201cno establecemos relaciones de complicidad con nadie\u201d; y apunt\u00f3 que se har\u00e1 todo para regresar la paz a Sinaloa: \u201cNo nos pueden vencer, vamos a salir adelante\u201d.<\/p>\n<p>En la audiencia en Chicago contra el hijo del fundador del c\u00e1rtel, Joaqu\u00edn\u00a0<i>El Chapo\u00a0<\/i>Guzm\u00e1n, su abogado, Jeffrey Lichtman, acus\u00f3 que la presidenta Sheinbaum se ha quejado de que su administraci\u00f3n no estuvo involucrada en \u201cla negociaci\u00f3n\u201d entre su cliente y el gobierno de Estados Unidos. \u201cLa idea, creo que ella ped\u00eda por una extradici\u00f3n a Estados Unidos, de alguna manera dec\u00eda que el gobierno de M\u00e9xico debi\u00f3 participar en el proceso legal de la extradici\u00f3n\u201d.<\/p>\n<p>En una conferencia citada de manera extraordinaria, por lo que detuvo sus actividades programadas en Culiac\u00e1n, la mandataria federal enfatiz\u00f3: \u201cPrimero, decir que son irrespetuosas de la instituci\u00f3n presidencial (esas declaraciones del litigante), est\u00e1 por emitir la Fiscal\u00eda General de la Rep\u00fablica (FGR) un comunicado, me lo inform\u00f3 el fiscal Alejandro Gertz Manero\u201d.<\/p>\n<p>Dej\u00f3 claro que el tema de Ovidio Guzm\u00e1n es un asunto judicial que corresponde a la FGR y al Departamento de Justicia de Estados Unidos, por lo que su gobierno no debe por qu\u00e9 participar de ese proceso.<\/p>\n<p>\u201cHay que decir que no establecemos relaciones de contubernio ni complicad con nadie, lo sabe el pueblo de M\u00e9xico; segundo, estamos en Sinaloa para atender los temas de salud\u201d.<\/p>\n<p>La jefa del Ejecutivo evit\u00f3 pronunciarse ante una pregunta sobre si lo que pueda declarar Guzm\u00e1n L\u00f3pez,\u00a0<i>El Rat\u00f3n<\/i>\u00a0\u2014quien fue capturado por autoridades mexicanas en enero de 2023 y se le extradit\u00f3 en septiembre de ese mismo a\u00f1o\u2014 pondr\u00eda en riesgo la relaci\u00f3n de M\u00e9xico con Estados Unidos. \u201cYa lo vemos el lunes en la ma\u00f1anera\u201d.<\/p>\n<p>A la par, dej\u00f3 un mensaje para el c\u00e1rtel de esta regi\u00f3n: \u201cNo nos pueden vencer, vamos a salir adelante\u201d.<\/p>\n<p>Coment\u00f3 que esta ma\u00f1ana, en la reuni\u00f3n de su gabinete de seguridad en la Ciudad de M\u00e9xico \u2014antes de viajar a Sinaloa\u2014, se acordaron \u201capoyos adicionales\u201d para esta entidad, y una de ellas es que los titulares de las tres principales instituciones de seguridad: los secretarios de Seguridad y Protecci\u00f3n Ciudadana, Omar Garc\u00eda Harfuch; de la Defensa Nacional, general Ricardo Trevilla Trejo; y de la Marina, almirante Raymundo Morales \u00c1ngeles, \u201cestar\u00e1n aqu\u00ed por lo menos una vez cada 15 d\u00edas\u201d para dar el apoyo necesario a la ciudadan\u00eda del estado.<\/p>\n<p>Insisti\u00f3 que el proceso en contra del hijo de\u00a0<i>El Chapo<\/i>\u00a0corresponde a la FGR y las autoridades de justicia de Estados Unidos, y las definiciones deben basarse en el acuerdo de extradici\u00f3n entre ambas naciones.<\/p>\n<p>\u2014\u00bfIncomoda que Ovidio puede convertirse en testigo protegido (de Estados Unidos)? \u2014se le pregunt\u00f3.<\/p>\n<p>\u2014Son asuntos judiciales, y ah\u00ed tiene que ver la FGR, en el tratado de extradici\u00f3n que se tiene, tratados internacionales que se tienen, entre Estados Unidos y M\u00e9xico, la propia Fiscal\u00eda es la que cumplimenta una orden de extradici\u00f3n. \u00c9l tiene orden de aprehensi\u00f3n en M\u00e9xico, fue extraditado a Estados Unidos.<\/p>\n","protected":false},"excerpt":{"rendered":"<p>Horas despu\u00e9s que Ovidio Guzm\u00e1n L\u00f3pez, l\u00edder de una de las facciones del c\u00e1rtel de Sinaloa, se declarara culpable de<\/p>\n","protected":false},"author":4,"featured_media":66700,"comment_status":"closed","ping_status":"closed","sticky":false,"template":"","format":"standard","meta":{"colormag_page_container_layout":"default_layout","colormag_page_sidebar_layout":"default_layout","_jetpack_memberships_contains_paid_content":false,"footnotes":"","jetpack_publicize_message":"","jetpack_publicize_feature_enabled":true,"jetpack_social_post_already_shared":true,"jetpack_social_options":{"image_generator_settings":{"template":"highway","default_image_id":0,"font":"","enabled":false},"version":2}},"categories":[33],"tags":[],"class_list":["post-66699","post","type-post","status-publish","format-standard","has-post-thumbnail","hentry","category-nacional"],"jetpack_publicize_connections":[],"jetpack_featured_media_url":"https:\/\/i0.wp.com\/politicosaldesnudo.com.mx\/wp-content\/uploads\/2025\/07\/maxresdefault.jpg?fit=992%2C720&ssl=1","jetpack-related-posts":[],"jetpack_sharing_enabled":true,"_links":{"self":[{"href":"https:\/\/politicosaldesnudo.com.mx\/index.php\/wp-json\/wp\/v2\/posts\/66699","targetHints":{"allow":["GET"]}}],"collection":[{"href":"https:\/\/politicosaldesnudo.com.mx\/index.php\/wp-json\/wp\/v2\/posts"}],"about":[{"href":"https:\/\/politicosaldesnudo.com.mx\/index.php\/wp-json\/wp\/v2\/types\/post"}],"author":[{"embeddable":true,"href":"https:\/\/politicosaldesnudo.com.mx\/index.php\/wp-json\/wp\/v2\/users\/4"}],"replies":[{"embeddable":true,"href":"https:\/\/politicosaldesnudo.com.mx\/index.php\/wp-json\/wp\/v2\/comments?post=66699"}],"version-history":[{"count":0,"href":"https:\/\/politicosaldesnudo.com.mx\/index.php\/wp-json\/wp\/v2\/posts\/66699\/revisions"}],"wp:featuredmedia":[{"embeddable":true,"href":"https:\/\/politicosaldesnudo.com.mx\/index.php\/wp-json\/wp\/v2\/media\/66700"}],"wp:attachment":[{"href":"https:\/\/politicosaldesnudo.com.mx\/index.php\/wp-json\/wp\/v2\/media?parent=66699"}],"wp:term":[{"taxonomy":"category","embeddable":true,"href":"https:\/\/politicosaldesnudo.com.mx\/index.php\/wp-json\/wp\/v2\/categories?post=66699"},{"taxonomy":"post_tag","embeddable":true,"href":"https:\/\/politicosaldesnudo.com.mx\/index.php\/wp-json\/wp\/v2\/tags?post=66699"}],"curies":[{"name":"wp","href":"https:\/\/api.w.org\/{rel}","templated":true}]}}