{"id":66702,"date":"2025-07-12T00:08:29","date_gmt":"2025-07-12T06:08:29","guid":{"rendered":"https:\/\/politicosaldesnudo.com.mx\/?p=66702"},"modified":"2025-07-11T20:10:44","modified_gmt":"2025-07-12T02:10:44","slug":"nuestra-maxima-es-la-cooperacion-para-el-desarrollo","status":"publish","type":"post","link":"https:\/\/politicosaldesnudo.com.mx\/index.php\/2025\/07\/12\/nuestra-maxima-es-la-cooperacion-para-el-desarrollo\/","title":{"rendered":"Nuestra m\u00e1xima es la cooperaci\u00f3n para el desarrollo"},"content":{"rendered":"<p class=\"nota-justify\">Al ratificar su rechazo a los aranceles, la presidenta Claudia Sheinbaum Pardo manifest\u00f3 que \u201cla mejor manera de competir del propio Estados Unidos es fortalecer el tratado comercial para competir mucho mejor con otras regiones del mundo\u201d.<\/p>\n<p class=\"nota-justify\">Esa siempre ha sido nuestra posici\u00f3n \u201cy la seguimos defendiendo\u201d, indic\u00f3.<\/p>\n<p class=\"nota-justify\">Subray\u00f3 que la relaci\u00f3n comercial entre M\u00e9xico, Estados Unidos y Canad\u00e1 \u201cnos fortalece\u2026 Nuestra\u00a0\u00a0nuestra posici\u00f3n ha sido ampliarnos para realmente hacer de Am\u00e9rica una potencia econ\u00f3mica, cultural social, en todos los sentidos\u201d.<\/p>\n<p class=\"nota-justify\">Por eso decimos \u201cque nuestra m\u00e1xima es la cooperaci\u00f3n para el desarrollo. Por supuesto, el presidente (Donald) Trump tiene una su propia visi\u00f3n y nosotros siempre vamos a buscar,\u00a0\u00a0defender en primer lugar a M\u00e9xico, a los empleos y al pueblo de M\u00e9xico\u201d.<\/p>\n<p class=\"nota-justify\">Ratific\u00f3 que hoy inician las conversaciones en Washington\u00a0\u00a0entre varias secretar\u00edas estadunidenses en tres temas estrat\u00e9gicos: seguridad, migraci\u00f3n y comercio.<\/p>\n<p class=\"nota-justify\">Indic\u00f3 que la delegaci\u00f3n est\u00e1 compuesta por cinco funcionarios, encabezado por el secretario de Econom\u00eda, Marcelo Ebrard. El resto son subsecretarios.<\/p>\n<p>&nbsp;<\/p>\n","protected":false},"excerpt":{"rendered":"<p>Al ratificar su rechazo a los aranceles, la presidenta Claudia Sheinbaum Pardo manifest\u00f3 que \u201cla mejor manera de competir del<\/p>\n","protected":false},"author":4,"featured_media":66703,"comment_status":"closed","ping_status":"closed","sticky":false,"template":"","format":"standard","meta":{"colormag_page_container_layout":"default_layout","colormag_page_sidebar_layout":"default_layout","_jetpack_memberships_contains_paid_content":false,"footnotes":"","jetpack_publicize_message":"","jetpack_publicize_feature_enabled":true,"jetpack_social_post_already_shared":true,"jetpack_social_options":{"image_generator_settings":{"template":"highway","default_image_id":0,"font":"","enabled":false},"version":2}},"categories":[33],"tags":[],"class_list":["post-66702","post","type-post","status-publish","format-standard","has-post-thumbnail","hentry","category-nacional"],"jetpack_publicize_connections":[],"jetpack_featured_media_url":"https:\/\/i0.wp.com\/politicosaldesnudo.com.mx\/wp-content\/uploads\/2025\/07\/RID.jpg?fit=763%2C514&ssl=1","jetpack-related-posts":[],"jetpack_sharing_enabled":true,"_links":{"self":[{"href":"https:\/\/politicosaldesnudo.com.mx\/index.php\/wp-json\/wp\/v2\/posts\/66702","targetHints":{"allow":["GET"]}}],"collection":[{"href":"https:\/\/politicosaldesnudo.com.mx\/index.php\/wp-json\/wp\/v2\/posts"}],"about":[{"href":"https:\/\/politicosaldesnudo.com.mx\/index.php\/wp-json\/wp\/v2\/types\/post"}],"author":[{"embeddable":true,"href":"https:\/\/politicosaldesnudo.com.mx\/index.php\/wp-json\/wp\/v2\/users\/4"}],"replies":[{"embeddable":true,"href":"https:\/\/politicosaldesnudo.com.mx\/index.php\/wp-json\/wp\/v2\/comments?post=66702"}],"version-history":[{"count":0,"href":"https:\/\/politicosaldesnudo.com.mx\/index.php\/wp-json\/wp\/v2\/posts\/66702\/revisions"}],"wp:featuredmedia":[{"embeddable":true,"href":"https:\/\/politicosaldesnudo.com.mx\/index.php\/wp-json\/wp\/v2\/media\/66703"}],"wp:attachment":[{"href":"https:\/\/politicosaldesnudo.com.mx\/index.php\/wp-json\/wp\/v2\/media?parent=66702"}],"wp:term":[{"taxonomy":"category","embeddable":true,"href":"https:\/\/politicosaldesnudo.com.mx\/index.php\/wp-json\/wp\/v2\/categories?post=66702"},{"taxonomy":"post_tag","embeddable":true,"href":"https:\/\/politicosaldesnudo.com.mx\/index.php\/wp-json\/wp\/v2\/tags?post=66702"}],"curies":[{"name":"wp","href":"https:\/\/api.w.org\/{rel}","templated":true}]}}