{"id":66766,"date":"2025-07-14T00:03:38","date_gmt":"2025-07-14T06:03:38","guid":{"rendered":"https:\/\/politicosaldesnudo.com.mx\/?p=66766"},"modified":"2025-07-13T19:14:09","modified_gmt":"2025-07-14T01:14:09","slug":"se-graduan-ninas-y-ninos-de-caic-del-dif-tuxpan","status":"publish","type":"post","link":"https:\/\/politicosaldesnudo.com.mx\/index.php\/2025\/07\/14\/se-graduan-ninas-y-ninos-de-caic-del-dif-tuxpan\/","title":{"rendered":"Se grad\u00faan ni\u00f1as y ni\u00f1os de CAIC del DIF Tuxpan"},"content":{"rendered":"<p>En una emotiva ceremonia se llev\u00f3 a cabo la graduaci\u00f3n de ni\u00f1as y ni\u00f1as de preescolar de los siete Centros de Atenci\u00f3n Infantil Comunitarios (CAIC) DIF, El Retiro, Villamar, Ojite, Baltazar, Luis Donaldo Colosio y Sabanillas.<\/p>\n<p>El alcalde Jes\u00fas Fomperoza Torres fungi\u00f3 como padrino de esta generaci\u00f3n 2024-2025.<\/p>\n<p>Estuvo acompa\u00f1ado por su esposa la presidenta del DIF Tuxpan, Melba L\u00f3pez Guti\u00e9rrez; la s\u00edndica \u00fanica, la regidora Maryanela Monroy Flores, comisionada en Promoci\u00f3n y Defensa de los Derechos Humanos de la Ni\u00f1ez y la Infancia.<\/p>\n<p>El regidor comisionado en Educaci\u00f3n, Luis Demetrio L\u00f3pez Mar\u00edn, y Mar\u00eda Cristina Hern\u00e1ndez Cobos, coordinadora de Asistencia Educativa<\/p>\n<p>El alcalde felicit\u00f3 a las y los graduados por su primer logro educativo:<\/p>\n<p>\u201c\u00a1Muchas felicidades a esta generaci\u00f3n de peque\u00f1os grandes so\u00f1adores que ya han demostrado que, con entusiasmo y dedicaci\u00f3n, pueden lograr cosas maravillosas! Disfruten junto con sus familias este d\u00eda lleno de orgullo, emoci\u00f3n y felicidad\u201d.<\/p>\n<p>De la misma manera los aconsej\u00f3 a que en su paso a la primaria \u201cvayan con confianza, con la cabeza en alto y el coraz\u00f3n lleno de ilusi\u00f3n, porque ustedes pueden lograr todo lo que se propongan. Ah\u00ed seguir\u00e1n aprendiendo, conociendo nuevos amigos y descubriendo lo que el mundo tiene para ense\u00f1arles\u201d.<\/p>\n<p>Fomperoza Torres reconoci\u00f3 la enorme labor realizada por equipo de trabajo del DIF Tuxpan, encabezado por su esposa Melba L\u00f3pez Guti\u00e9rrez, al velar por los derechos de las ni\u00f1as y los ni\u00f1os.<\/p>\n<p>Tambi\u00e9n felicit\u00f3 a padres y madres de familia por su apoyo al acompa\u00f1ar cada paso de sus hijos; y a las educadoras, por sembrar con amor las primeras semillas del saber.<\/p>\n","protected":false},"excerpt":{"rendered":"<p>En una emotiva ceremonia se llev\u00f3 a cabo la graduaci\u00f3n de ni\u00f1as y ni\u00f1as de preescolar de los siete Centros<\/p>\n","protected":false},"author":4,"featured_media":66767,"comment_status":"closed","ping_status":"closed","sticky":false,"template":"","format":"standard","meta":{"colormag_page_container_layout":"default_layout","colormag_page_sidebar_layout":"default_layout","_jetpack_memberships_contains_paid_content":false,"footnotes":"","jetpack_publicize_message":"","jetpack_publicize_feature_enabled":true,"jetpack_social_post_already_shared":true,"jetpack_social_options":{"image_generator_settings":{"template":"highway","default_image_id":0,"font":"","enabled":false},"version":2}},"categories":[1082],"tags":[],"class_list":["post-66766","post","type-post","status-publish","format-standard","has-post-thumbnail","hentry","category-tuxpan"],"jetpack_publicize_connections":[],"jetpack_featured_media_url":"https:\/\/i0.wp.com\/politicosaldesnudo.com.mx\/wp-content\/uploads\/2025\/07\/WhatsApp-Image-2025-07-13-at-13.40.10.jpeg?fit=1600%2C1137&ssl=1","jetpack-related-posts":[],"jetpack_sharing_enabled":true,"_links":{"self":[{"href":"https:\/\/politicosaldesnudo.com.mx\/index.php\/wp-json\/wp\/v2\/posts\/66766","targetHints":{"allow":["GET"]}}],"collection":[{"href":"https:\/\/politicosaldesnudo.com.mx\/index.php\/wp-json\/wp\/v2\/posts"}],"about":[{"href":"https:\/\/politicosaldesnudo.com.mx\/index.php\/wp-json\/wp\/v2\/types\/post"}],"author":[{"embeddable":true,"href":"https:\/\/politicosaldesnudo.com.mx\/index.php\/wp-json\/wp\/v2\/users\/4"}],"replies":[{"embeddable":true,"href":"https:\/\/politicosaldesnudo.com.mx\/index.php\/wp-json\/wp\/v2\/comments?post=66766"}],"version-history":[{"count":0,"href":"https:\/\/politicosaldesnudo.com.mx\/index.php\/wp-json\/wp\/v2\/posts\/66766\/revisions"}],"wp:featuredmedia":[{"embeddable":true,"href":"https:\/\/politicosaldesnudo.com.mx\/index.php\/wp-json\/wp\/v2\/media\/66767"}],"wp:attachment":[{"href":"https:\/\/politicosaldesnudo.com.mx\/index.php\/wp-json\/wp\/v2\/media?parent=66766"}],"wp:term":[{"taxonomy":"category","embeddable":true,"href":"https:\/\/politicosaldesnudo.com.mx\/index.php\/wp-json\/wp\/v2\/categories?post=66766"},{"taxonomy":"post_tag","embeddable":true,"href":"https:\/\/politicosaldesnudo.com.mx\/index.php\/wp-json\/wp\/v2\/tags?post=66766"}],"curies":[{"name":"wp","href":"https:\/\/api.w.org\/{rel}","templated":true}]}}